{"id":70286,"date":"2009-03-06T19:13:27","date_gmt":"2009-03-06T19:13:27","guid":{"rendered":"http:\/\/diariodominicano.ddns.net\/?p=70286"},"modified":"2009-03-06T19:13:27","modified_gmt":"2009-03-06T19:13:27","slug":"convocan-al-primer-encuentro-nacional-de-la-guitarra-juan-lockward","status":"publish","type":"post","link":"https:\/\/diariodominicano.com\/?p=70286","title":{"rendered":"CONVOCAN AL PRIMER ENCUENTRO NACIONAL DE LA GUITARRA JUAN LOCKWARD"},"content":{"rendered":"<p><body><\/p>\n<p><span class=\"text1noticias\">La Secretar\u00eda de Estado de Cultura, El Centro Cultural Eduardo Le\u00f3n Jimenes y El Instituto de Estudios Caribe\u00f1os (INEC) anunciaron la realizaci\u00f3n del Primer Encuentro Nacional de la Guitarra Juan Lockward,  a celebrarse el s\u00e1bado 7 de marzo a las 10 de la ma\u00f1ana,  en la Sala Juan Francisco Garc\u00eda, del Conservatorio Nacional de M\u00fasica.<\/span><\/p>\n<\/p>\n<p><span class=\"text1noticias\">En este Primer Encuentro Nacional de la Guitarra se convoca a todos los guitarristas, y amantes de este instrumento, para compartir y debatir la historia y evoluci\u00f3n de la guitarra y su incidencia en el bolero.<\/span><\/p>\n<\/p>\n<p><span class=\"text1noticias\">Este evento esta dedicado al legendario trovador dominicano Juan Lockward, el mago de la media voz,  por su invaluable obra musical, como cantante, compositor y virtuoso de la guitarra.  Sus composiciones fueron grabadas en distintos idiomas por reconocidos artistas nacionales e internacionales. <\/span><\/p>\n<\/p>\n<p><span class=\"text1noticias\">Seg\u00fan Dar\u00edo Tejeda, Director del INEC, en este encuentro disertar\u00e1n importantes m\u00fasicos y acad\u00e9micos, como: Rub\u00e9n Gonz\u00e1lez, quien compartir\u00e1 su experiencia sobre el tema ?La ense\u00f1anza en la guitarra?;  Manuel Jim\u00e9nez, con el tema ?La guitarra en el proceso creativo? y Tommy Garc\u00eda  quien enfocar\u00e1 ?La llegada de la guitarra a Santo Domingo?.    <\/span><\/p>\n<\/p>\n<p><span class=\"text1noticias\">Agreg\u00f3 que las personas interesadas en participar deben llamar al INEC, al tel\u00e9fono 809-685-1355, la inscripci\u00f3n es totalmente gratis. Tambi\u00e9n pueden hacer la solicitud a trav\u00e9s del correo electr\u00f3nico inec97@yahoo.es<\/span><\/p>\n<\/p>\n<p><span class=\"text1noticias\">Este encuentro se enmarca dentro de las actividades previas al III Congreso Internacional M\u00fasica, Identidad y Cultura en el Caribe, este a\u00f1o dedicado al Bolero en la cultura Caribe\u00f1a y su Proyecci\u00f3n Universal, ha celebrarse del 17 al 19 de abril, en las instalaciones del Centro Le\u00f3n en Santiago de los Caballeros.<\/span><\/p>\n<h6> 2009-03-06 19:13:27 <\/h6>\n<p><!--\n<link rel=\"stylesheet\" href=\"css\/bootstrap.min.css\">\n\n\n<ul class=\"pagination\">\n\t    \n\t\n\n<li >\n\t<a href='?page_no=21963'>Previous<\/a>\n\t<\/li>\n\n\n       \n    \n\n<li><a href='?page_no=1'>1<\/a><\/li>\n\n\n\n<li><a href='?page_no=2'>2<\/a><\/li>\n\n\n\n<li><a>...<\/a><\/li>\n\n\n\n<li><a href='?page_no=21962'>21962<\/a><\/li>\n\n\n\n<li><a href='?page_no=21963'>21963<\/a><\/li>\n\n\n\n<li class='active'><a>21964<\/a><\/li>\n\n\n\n<li><a href='?page_no=21965'>21965<\/a><\/li>\n\n\n\n<li><a href='?page_no=21966'>21966<\/a><\/li>\n\n\n\n<li><a>...<\/a><\/li>\n\n\n\n<li><a href='?page_no=22911'>22911<\/a><\/li>\n\n\n\n<li><a href='?page_no=22912'>22912<\/a><\/li>\n\n    \n\t\n\n<li >\n\t<a href='?page_no=21965'>Next<\/a>\n\t<\/li>\n\n\n    \n\n<li><a href='?page_no=22912'>Last &rsaquo;&rsaquo;<\/a><\/li>\n\n<\/ul>\n\n\n--><br \/>\n<\/body><\/p>\n","protected":false},"excerpt":{"rendered":"<p>La Secretar\u00eda de Estado de Cultura, El Centro Cultural Eduardo Le\u00f3n Jimenes y El Instituto de Estudios Caribe\u00f1os (INEC) anunciaron la realizaci\u00f3n del Primer Encuentro Nacional de la Guitarra Juan Lockward, a celebrarse el s\u00e1bado 7 de marzo a las 10 de la ma\u00f1ana, en la Sala Juan Francisco Garc\u00eda, del Conservatorio Nacional de M\u00fasica. [&hellip;]<\/p>\n","protected":false},"author":3,"featured_media":0,"comment_status":"open","ping_status":"open","sticky":false,"template":"","format":"standard","meta":{"footnotes":""},"categories":[21],"tags":[],"class_list":["post-70286","post","type-post","status-publish","format-standard","hentry","category-cultura"],"_links":{"self":[{"href":"https:\/\/diariodominicano.com\/index.php?rest_route=\/wp\/v2\/posts\/70286","targetHints":{"allow":["GET"]}}],"collection":[{"href":"https:\/\/diariodominicano.com\/index.php?rest_route=\/wp\/v2\/posts"}],"about":[{"href":"https:\/\/diariodominicano.com\/index.php?rest_route=\/wp\/v2\/types\/post"}],"author":[{"embeddable":true,"href":"https:\/\/diariodominicano.com\/index.php?rest_route=\/wp\/v2\/users\/3"}],"replies":[{"embeddable":true,"href":"https:\/\/diariodominicano.com\/index.php?rest_route=%2Fwp%2Fv2%2Fcomments&post=70286"}],"version-history":[{"count":0,"href":"https:\/\/diariodominicano.com\/index.php?rest_route=\/wp\/v2\/posts\/70286\/revisions"}],"wp:attachment":[{"href":"https:\/\/diariodominicano.com\/index.php?rest_route=%2Fwp%2Fv2%2Fmedia&parent=70286"}],"wp:term":[{"taxonomy":"category","embeddable":true,"href":"https:\/\/diariodominicano.com\/index.php?rest_route=%2Fwp%2Fv2%2Fcategories&post=70286"},{"taxonomy":"post_tag","embeddable":true,"href":"https:\/\/diariodominicano.com\/index.php?rest_route=%2Fwp%2Fv2%2Ftags&post=70286"}],"curies":[{"name":"wp","href":"https:\/\/api.w.org\/{rel}","templated":true}]}}