{"id":70285,"date":"2009-03-06T19:15:01","date_gmt":"2009-03-06T19:15:01","guid":{"rendered":"http:\/\/diariodominicano.ddns.net\/?p=70285"},"modified":"2009-03-06T19:15:01","modified_gmt":"2009-03-06T19:15:01","slug":"rector-uasd-expresa-academia-reconoce-mujer-como-simbolo-del-amor-y-constructora-de-la-paz","status":"publish","type":"post","link":"https:\/\/diariodominicano.com\/?p=70285","title":{"rendered":"Rector UASD Expresa Academia Reconoce Mujer como ?S\u00edmbolo del Amor y Constructora de la Paz?"},"content":{"rendered":"<p><body><\/p>\n<p><img decoding=\"async\" src=\"http:\/\/localhost:8080\/img3\/dias.jpg\" \/>  <\/p>\n<p><span class=\"text1noticias\">El rector de la Universidad Aut\u00f3noma de Santo Domingo manifest\u00f3 que esa instituci\u00f3n reconoce a la mujer ?como s\u00edmbolo del amor, constructora de la paz y baluarte inexpugnable de la familia?, en ocasi\u00f3n de conmemorarse este domingo ocho de marzo el D\u00eda Internacional de la Mujer.<\/span><\/p>\n<\/p>\n<p><span class=\"text1noticias\">El doctor Franklin Garc\u00eda Ferm\u00edn congratul\u00f3 por dicha fecha a las profesoras, empleadas y estudiantes de la UASD, cuya felicitaci\u00f3n la hizo extensiva a la mujer dominicana y ?de todo el planeta?.<\/span><\/p>\n<\/p>\n<p><span class=\"text1noticias\">?Hoy como siempre, la mujer merece que la honremos y la admiremos por su dedicaci\u00f3n, entrega y sacrificio en aras de la reproducci\u00f3n de la familia humana y por su siembra de fe en un porvenir luminoso para todos?, expres\u00f3 el rector de la Primada de Am\u00e9rica.<\/span><\/p>\n<\/p>\n<p><span class=\"text1noticias\">Dijo que en estos tiempos en que la sociedad muestra graves signos de debilitamiento moral, es necesario que rindamos un merecido tributo a la mujer dominicana que ha sabido, no solo bordar la bandera y defender la nacionalidad, sino que con su apego a los valores m\u00e1s elevados contribuye a crear las condiciones para que la naci\u00f3n sobreviva.<\/span><\/p>\n<\/p>\n<p><span class=\"text1noticias\">La felicitaci\u00f3n del doctor Garc\u00eda Ferm\u00edn por la referida ocasi\u00f3n est\u00e1 contenida en una circular que finaliza se\u00f1alando: ?Admiraci\u00f3n perenne a la mujer uasdiana, dominicana y del universo?.  <\/span><\/p>\n<h6> 2009-03-06 19:15:01 <\/h6>\n<p><!--\n<link rel=\"stylesheet\" href=\"css\/bootstrap.min.css\">\n\n\n<ul class=\"pagination\">\n\t    \n\t\n\n<li >\n\t<a href='?page_no=21962'>Previous<\/a>\n\t<\/li>\n\n\n       \n    \n\n<li><a href='?page_no=1'>1<\/a><\/li>\n\n\n\n<li><a href='?page_no=2'>2<\/a><\/li>\n\n\n\n<li><a>...<\/a><\/li>\n\n\n\n<li><a href='?page_no=21961'>21961<\/a><\/li>\n\n\n\n<li><a href='?page_no=21962'>21962<\/a><\/li>\n\n\n\n<li class='active'><a>21963<\/a><\/li>\n\n\n\n<li><a href='?page_no=21964'>21964<\/a><\/li>\n\n\n\n<li><a href='?page_no=21965'>21965<\/a><\/li>\n\n\n\n<li><a>...<\/a><\/li>\n\n\n\n<li><a href='?page_no=22911'>22911<\/a><\/li>\n\n\n\n<li><a href='?page_no=22912'>22912<\/a><\/li>\n\n    \n\t\n\n<li >\n\t<a href='?page_no=21964'>Next<\/a>\n\t<\/li>\n\n\n    \n\n<li><a href='?page_no=22912'>Last &rsaquo;&rsaquo;<\/a><\/li>\n\n<\/ul>\n\n\n--><br \/>\n<\/body><\/p>\n","protected":false},"excerpt":{"rendered":"<p>El rector de la Universidad Aut\u00f3noma de Santo Domingo manifest\u00f3 que esa instituci\u00f3n reconoce a la mujer ?como s\u00edmbolo del amor, constructora de la paz y baluarte inexpugnable de la familia?, en ocasi\u00f3n de conmemorarse este domingo ocho de marzo el D\u00eda Internacional de la Mujer. El doctor Franklin Garc\u00eda Ferm\u00edn congratul\u00f3 por dicha fecha [&hellip;]<\/p>\n","protected":false},"author":3,"featured_media":0,"comment_status":"open","ping_status":"open","sticky":false,"template":"","format":"standard","meta":{"footnotes":""},"categories":[21],"tags":[],"class_list":["post-70285","post","type-post","status-publish","format-standard","hentry","category-cultura"],"_links":{"self":[{"href":"https:\/\/diariodominicano.com\/index.php?rest_route=\/wp\/v2\/posts\/70285","targetHints":{"allow":["GET"]}}],"collection":[{"href":"https:\/\/diariodominicano.com\/index.php?rest_route=\/wp\/v2\/posts"}],"about":[{"href":"https:\/\/diariodominicano.com\/index.php?rest_route=\/wp\/v2\/types\/post"}],"author":[{"embeddable":true,"href":"https:\/\/diariodominicano.com\/index.php?rest_route=\/wp\/v2\/users\/3"}],"replies":[{"embeddable":true,"href":"https:\/\/diariodominicano.com\/index.php?rest_route=%2Fwp%2Fv2%2Fcomments&post=70285"}],"version-history":[{"count":0,"href":"https:\/\/diariodominicano.com\/index.php?rest_route=\/wp\/v2\/posts\/70285\/revisions"}],"wp:attachment":[{"href":"https:\/\/diariodominicano.com\/index.php?rest_route=%2Fwp%2Fv2%2Fmedia&parent=70285"}],"wp:term":[{"taxonomy":"category","embeddable":true,"href":"https:\/\/diariodominicano.com\/index.php?rest_route=%2Fwp%2Fv2%2Fcategories&post=70285"},{"taxonomy":"post_tag","embeddable":true,"href":"https:\/\/diariodominicano.com\/index.php?rest_route=%2Fwp%2Fv2%2Ftags&post=70285"}],"curies":[{"name":"wp","href":"https:\/\/api.w.org\/{rel}","templated":true}]}}