{"id":70284,"date":"2009-03-06T19:16:24","date_gmt":"2009-03-06T19:16:24","guid":{"rendered":"http:\/\/diariodominicano.ddns.net\/?p=70284"},"modified":"2009-03-06T19:16:24","modified_gmt":"2009-03-06T19:16:24","slug":"uasd-ofrecera-conferencia-por-dia-de-la-mujer","status":"publish","type":"post","link":"https:\/\/diariodominicano.com\/?p=70284","title":{"rendered":"UASD ofrecer\u00e1 conferencia por D\u00eda de la Mujer"},"content":{"rendered":"<p><body><\/p>\n<p><img decoding=\"async\" src=\"http:\/\/localhost:8080\/img3\/magal.jpg\" \/>  <\/p>\n<p><span class=\"text1noticias\">Con motivo del D\u00eda de la Mujer, la Universidad Aut\u00f3noma de Santo Domingo ofrecer\u00e1 una conferencia titulada ?Los desaf\u00edos de las mujeres en el siglo XXI?, a cargo de la maestra Magaly Pineda,  directora del Centro de Investigaci\u00f3n y Acci\u00f3n Femenina (CIPAF) y pionera del feminismo en la Rep\u00fablica Dominicana. <\/span><\/p>\n<\/p>\n<p><span class=\"text1noticias\">La actividad ha sido organizada  por  la Rector\u00eda, la Vicerrector\u00eda de Investigaci\u00f3n y Postgrado y el Instituto de Investigaci\u00f3n y Estudios de G\u00e9nero y Familia y tendr\u00e1 lugar el viernes 6 de marzo en el Paraninfo de la Facultad de Ciencias Econ\u00f3micas y Sociales.<\/span><\/p>\n<\/p>\n<p><span class=\"text1noticias\">La maestra Agnes Mirqueya Mateo P\u00e9rez, directora del Instituto de G\u00e9nero, que funciona adscrito a la academia estatal, inform\u00f3 que este coloquio forma parte del programa de actividades preparado en ocasi\u00f3n de conmemorarse pr\u00f3ximamente el D\u00eda Internacional de la Mujer?.<\/span><\/p>\n<p><span class=\"text1noticias\">En la disertaci\u00f3n, la se\u00f1ora Pineda enfocar\u00e1 aspectos como el papel de la mujer en la pol\u00edtica, la defensa de sus ideales, su rol como madre, esposa, hija, ejecutiva y ama de casa y todo lo que debe hacer para reconciliar su trabajo y su familia. <\/span><\/p>\n<h6> 2009-03-06 19:16:24 <\/h6>\n<p><!--\n<link rel=\"stylesheet\" href=\"css\/bootstrap.min.css\">\n\n\n<ul class=\"pagination\">\n\t    \n\t\n\n<li >\n\t<a href='?page_no=21961'>Previous<\/a>\n\t<\/li>\n\n\n       \n    \n\n<li><a href='?page_no=1'>1<\/a><\/li>\n\n\n\n<li><a href='?page_no=2'>2<\/a><\/li>\n\n\n\n<li><a>...<\/a><\/li>\n\n\n\n<li><a href='?page_no=21960'>21960<\/a><\/li>\n\n\n\n<li><a href='?page_no=21961'>21961<\/a><\/li>\n\n\n\n<li class='active'><a>21962<\/a><\/li>\n\n\n\n<li><a href='?page_no=21963'>21963<\/a><\/li>\n\n\n\n<li><a href='?page_no=21964'>21964<\/a><\/li>\n\n\n\n<li><a>...<\/a><\/li>\n\n\n\n<li><a href='?page_no=22911'>22911<\/a><\/li>\n\n\n\n<li><a href='?page_no=22912'>22912<\/a><\/li>\n\n    \n\t\n\n<li >\n\t<a href='?page_no=21963'>Next<\/a>\n\t<\/li>\n\n\n    \n\n<li><a href='?page_no=22912'>Last &rsaquo;&rsaquo;<\/a><\/li>\n\n<\/ul>\n\n\n--><br \/>\n<\/body><\/p>\n","protected":false},"excerpt":{"rendered":"<p>Con motivo del D\u00eda de la Mujer, la Universidad Aut\u00f3noma de Santo Domingo ofrecer\u00e1 una conferencia titulada ?Los desaf\u00edos de las mujeres en el siglo XXI?, a cargo de la maestra Magaly Pineda, directora del Centro de Investigaci\u00f3n y Acci\u00f3n Femenina (CIPAF) y pionera del feminismo en la Rep\u00fablica Dominicana. La actividad ha sido organizada [&hellip;]<\/p>\n","protected":false},"author":3,"featured_media":0,"comment_status":"open","ping_status":"open","sticky":false,"template":"","format":"standard","meta":{"footnotes":""},"categories":[21],"tags":[],"class_list":["post-70284","post","type-post","status-publish","format-standard","hentry","category-cultura"],"_links":{"self":[{"href":"https:\/\/diariodominicano.com\/index.php?rest_route=\/wp\/v2\/posts\/70284","targetHints":{"allow":["GET"]}}],"collection":[{"href":"https:\/\/diariodominicano.com\/index.php?rest_route=\/wp\/v2\/posts"}],"about":[{"href":"https:\/\/diariodominicano.com\/index.php?rest_route=\/wp\/v2\/types\/post"}],"author":[{"embeddable":true,"href":"https:\/\/diariodominicano.com\/index.php?rest_route=\/wp\/v2\/users\/3"}],"replies":[{"embeddable":true,"href":"https:\/\/diariodominicano.com\/index.php?rest_route=%2Fwp%2Fv2%2Fcomments&post=70284"}],"version-history":[{"count":0,"href":"https:\/\/diariodominicano.com\/index.php?rest_route=\/wp\/v2\/posts\/70284\/revisions"}],"wp:attachment":[{"href":"https:\/\/diariodominicano.com\/index.php?rest_route=%2Fwp%2Fv2%2Fmedia&parent=70284"}],"wp:term":[{"taxonomy":"category","embeddable":true,"href":"https:\/\/diariodominicano.com\/index.php?rest_route=%2Fwp%2Fv2%2Fcategories&post=70284"},{"taxonomy":"post_tag","embeddable":true,"href":"https:\/\/diariodominicano.com\/index.php?rest_route=%2Fwp%2Fv2%2Ftags&post=70284"}],"curies":[{"name":"wp","href":"https:\/\/api.w.org\/{rel}","templated":true}]}}