{"id":70283,"date":"2009-03-06T19:24:33","date_gmt":"2009-03-06T19:24:33","guid":{"rendered":"http:\/\/diariodominicano.ddns.net\/?p=70283"},"modified":"2009-03-06T19:24:33","modified_gmt":"2009-03-06T19:24:33","slug":"uasd-inicia-actividades-celebracion-dia-internacional-de-la-mujer","status":"publish","type":"post","link":"https:\/\/diariodominicano.com\/?p=70283","title":{"rendered":"UASD inicia actividades celebraci\u00f3n D\u00eda Internacional de la Mujer"},"content":{"rendered":"<p><body><\/p>\n<p><img decoding=\"async\" src=\"http:\/\/localhost:8080\/img3\/moje.jpg\" \/>  <\/p>\n<p><span class=\"text1noticias\">La Facultad de Artes de la Universidad Aut\u00f3noma de Santo Domingo (UASD) dej\u00f3 inaugurada con una exposici\u00f3n la celebraci\u00f3n del D\u00eda Internacional de la Mujer, bajo el lema ?Mujer es arte?, cuya fecha ser\u00e1 festejada con diversas actividades durante todo el mes de marzo.<\/span><\/p>\n<\/p>\n<p><span class=\"text1noticias\">Con la exposici\u00f3n ?La violencia al Rev\u00e9s?, de la artista del lente Maritza \u00c1lvarez, qued\u00f3 abierta esta celebraci\u00f3n que tiene como objetivo promover las diferentes manifestaciones art\u00edsticas y reconocer los aportes que  mujeres uasdianas han realizado a favor del crecimiento intelectual y moral de la naci\u00f3n. <\/span><\/p>\n<\/p>\n<p><span class=\"text1noticias\">El evento fue encabezado por la vicerrectora administrativa, maestra Maritza Camacho, la decana de la Facultad de Artes, Mar\u00eda del Pilar; el vicedecano de la Facultad de Artes, Dionisio de la Paz; el profesor V\u00edctor Vidal y la directora de Postgrado, Mabel Arquidiello.<\/span><\/p>\n<\/p>\n<p><span class=\"text1noticias\">Con motivo de esta importante celebraci\u00f3n internacional la unidad acad\u00e9mica y sus distintas escuelas han dise\u00f1ado un programa que comprende un reconocimiento especial a siete (7) destacadas mujeres artistas del pa\u00eds, entre otras actividades. <\/span><\/p>\n<\/p>\n<p><span class=\"text1noticias\">La celebraci\u00f3n del D\u00eda Internacional de la Mujer ha sido coordinada con otras instituciones como el Instituto de G\u00e9nero, la Fundaci\u00f3n Justicia Global, la Asociaci\u00f3n de Profesores de la Facultad de Artes (ASPA), y la Federaci\u00f3n de Asociaciones de Profesores de la Universidad (FAPROUASD).<\/span><\/p>\n<h6> 2009-03-06 19:24:33 <\/h6>\n<p><!--\n<link rel=\"stylesheet\" href=\"css\/bootstrap.min.css\">\n\n\n<ul class=\"pagination\">\n\t    \n\t\n\n<li >\n\t<a href='?page_no=21960'>Previous<\/a>\n\t<\/li>\n\n\n       \n    \n\n<li><a href='?page_no=1'>1<\/a><\/li>\n\n\n\n<li><a href='?page_no=2'>2<\/a><\/li>\n\n\n\n<li><a>...<\/a><\/li>\n\n\n\n<li><a href='?page_no=21959'>21959<\/a><\/li>\n\n\n\n<li><a href='?page_no=21960'>21960<\/a><\/li>\n\n\n\n<li class='active'><a>21961<\/a><\/li>\n\n\n\n<li><a href='?page_no=21962'>21962<\/a><\/li>\n\n\n\n<li><a href='?page_no=21963'>21963<\/a><\/li>\n\n\n\n<li><a>...<\/a><\/li>\n\n\n\n<li><a href='?page_no=22911'>22911<\/a><\/li>\n\n\n\n<li><a href='?page_no=22912'>22912<\/a><\/li>\n\n    \n\t\n\n<li >\n\t<a href='?page_no=21962'>Next<\/a>\n\t<\/li>\n\n\n    \n\n<li><a href='?page_no=22912'>Last &rsaquo;&rsaquo;<\/a><\/li>\n\n<\/ul>\n\n\n--><br \/>\n<\/body><\/p>\n","protected":false},"excerpt":{"rendered":"<p>La Facultad de Artes de la Universidad Aut\u00f3noma de Santo Domingo (UASD) dej\u00f3 inaugurada con una exposici\u00f3n la celebraci\u00f3n del D\u00eda Internacional de la Mujer, bajo el lema ?Mujer es arte?, cuya fecha ser\u00e1 festejada con diversas actividades durante todo el mes de marzo. Con la exposici\u00f3n ?La violencia al Rev\u00e9s?, de la artista del [&hellip;]<\/p>\n","protected":false},"author":3,"featured_media":0,"comment_status":"open","ping_status":"open","sticky":false,"template":"","format":"standard","meta":{"footnotes":""},"categories":[21],"tags":[],"class_list":["post-70283","post","type-post","status-publish","format-standard","hentry","category-cultura"],"_links":{"self":[{"href":"https:\/\/diariodominicano.com\/index.php?rest_route=\/wp\/v2\/posts\/70283","targetHints":{"allow":["GET"]}}],"collection":[{"href":"https:\/\/diariodominicano.com\/index.php?rest_route=\/wp\/v2\/posts"}],"about":[{"href":"https:\/\/diariodominicano.com\/index.php?rest_route=\/wp\/v2\/types\/post"}],"author":[{"embeddable":true,"href":"https:\/\/diariodominicano.com\/index.php?rest_route=\/wp\/v2\/users\/3"}],"replies":[{"embeddable":true,"href":"https:\/\/diariodominicano.com\/index.php?rest_route=%2Fwp%2Fv2%2Fcomments&post=70283"}],"version-history":[{"count":0,"href":"https:\/\/diariodominicano.com\/index.php?rest_route=\/wp\/v2\/posts\/70283\/revisions"}],"wp:attachment":[{"href":"https:\/\/diariodominicano.com\/index.php?rest_route=%2Fwp%2Fv2%2Fmedia&parent=70283"}],"wp:term":[{"taxonomy":"category","embeddable":true,"href":"https:\/\/diariodominicano.com\/index.php?rest_route=%2Fwp%2Fv2%2Fcategories&post=70283"},{"taxonomy":"post_tag","embeddable":true,"href":"https:\/\/diariodominicano.com\/index.php?rest_route=%2Fwp%2Fv2%2Ftags&post=70283"}],"curies":[{"name":"wp","href":"https:\/\/api.w.org\/{rel}","templated":true}]}}