{"id":70282,"date":"2009-03-09T15:40:22","date_gmt":"2009-03-09T15:40:22","guid":{"rendered":"http:\/\/diariodominicano.ddns.net\/?p=70282"},"modified":"2009-03-09T15:40:22","modified_gmt":"2009-03-09T15:40:22","slug":"dirigente-historico-dominicano-ensalza-figura-de-fidel-castro","status":"publish","type":"post","link":"https:\/\/diariodominicano.com\/?p=70282","title":{"rendered":"Dirigente hist\u00f3rico dominicano ensalza figura de Fidel Castro"},"content":{"rendered":"<p><body><\/p>\n<p><span class=\"text1noticias\">Santo Domingo, 6 mar (PL) Fidel Castro es la figura pol\u00edtica m\u00e1s importante de Am\u00e9rica Latina del siglo XX y comienzos del XXI, afirm\u00f3 hoy aqu\u00ed Euclides Guti\u00e9rrez F\u00e9lix, dirigente hist\u00f3rico del Partido de la Liberaci\u00f3n Dominicana (PLD).<\/span><\/p>\n<\/p>\n<p><span class=\"text1noticias\">Guti\u00e9rrez, miembro del Comit\u00e9 Pol\u00edtico del PLD, ofreci\u00f3 una conferencia magistral en el monumento Faro a Col\u00f3n, en esta capital, como parte de los actos programados por el centenario del natalicio de Juan Bosch.<\/span><\/p>\n<\/p>\n<p><span class=\"text1noticias\">La charla del profesor, historiador y asesor militar se bas\u00f3 en el libro de Col\u00f3n a Fidel Castro: El Caribe frontera imperial, obra que disecciona la historia americana en un lenguaje pedag\u00f3gico sin detrimento de la acuciosidad investigativa y la profundidad del an\u00e1lisis.<\/span><\/p>\n<\/p>\n<p><span class=\"text1noticias\">El conferencista aludi\u00f3 en su exposici\u00f3n a los recuerdos expuestos por el Comandante en Jefe cubano en unas de sus reflexiones sobre la fallida expedici\u00f3n de Cayo Confites para derrocar al dictador dominicano Rafael Leonidas Trujillo a fines de los a\u00f1os 40.<\/span><\/p>\n<\/p>\n<p><span class=\"text1noticias\">El profesor Bosch y el joven Fidel Castro, a la saz\u00f3n l\u00edder estudiantil, estaban enrolados en ese movimiento, traicionado por un soborno al entonces jefe del Ej\u00e9rcito cubano, Genovevo P\u00e9rez D\u00e1mera, a quien sus contempor\u00e1neos llamaban con desprecio el tit\u00e1n de sebo.<\/span><\/p>\n<\/p>\n<p><span class=\"text1noticias\">A Bosch no lo quer\u00edan ni los Estados Unidos, ni la oligarqu\u00eda, ni la iglesia cat\u00f3lica, lo digo con entera franqueza, dijo Guti\u00e9rrez respecto al golpe de estado contra el eminente intelectual despu\u00e9s de haber ganado las elecciones presidenciales por amplia mayor\u00eda.<\/span><\/p>\n<\/p>\n<p><span class=\"text1noticias\">A la conferencia asistieron personalidades pol\u00edticas, altos oficiales de la Marina de Guerra, que tienen bajo su custodia el Faro a Col\u00f3n y funcionarios de la embajada cubana aqu\u00ed, encabezados por Enilda Ginarte, consejera pol\u00edtica de la sede.<\/span><\/p>\n<h6> 2009-03-09 15:40:22 <\/h6>\n<p><!--\n<link rel=\"stylesheet\" href=\"css\/bootstrap.min.css\">\n\n\n<ul class=\"pagination\">\n\t    \n\t\n\n<li >\n\t<a href='?page_no=21959'>Previous<\/a>\n\t<\/li>\n\n\n       \n    \n\n<li><a href='?page_no=1'>1<\/a><\/li>\n\n\n\n<li><a href='?page_no=2'>2<\/a><\/li>\n\n\n\n<li><a>...<\/a><\/li>\n\n\n\n<li><a href='?page_no=21958'>21958<\/a><\/li>\n\n\n\n<li><a href='?page_no=21959'>21959<\/a><\/li>\n\n\n\n<li class='active'><a>21960<\/a><\/li>\n\n\n\n<li><a href='?page_no=21961'>21961<\/a><\/li>\n\n\n\n<li><a href='?page_no=21962'>21962<\/a><\/li>\n\n\n\n<li><a>...<\/a><\/li>\n\n\n\n<li><a href='?page_no=22911'>22911<\/a><\/li>\n\n\n\n<li><a href='?page_no=22912'>22912<\/a><\/li>\n\n    \n\t\n\n<li >\n\t<a href='?page_no=21961'>Next<\/a>\n\t<\/li>\n\n\n    \n\n<li><a href='?page_no=22912'>Last &rsaquo;&rsaquo;<\/a><\/li>\n\n<\/ul>\n\n\n--><br \/>\n<\/body><\/p>\n","protected":false},"excerpt":{"rendered":"<p>Santo Domingo, 6 mar (PL) Fidel Castro es la figura pol\u00edtica m\u00e1s importante de Am\u00e9rica Latina del siglo XX y comienzos del XXI, afirm\u00f3 hoy aqu\u00ed Euclides Guti\u00e9rrez F\u00e9lix, dirigente hist\u00f3rico del Partido de la Liberaci\u00f3n Dominicana (PLD). Guti\u00e9rrez, miembro del Comit\u00e9 Pol\u00edtico del PLD, ofreci\u00f3 una conferencia magistral en el monumento Faro a Col\u00f3n, [&hellip;]<\/p>\n","protected":false},"author":3,"featured_media":0,"comment_status":"open","ping_status":"open","sticky":false,"template":"","format":"standard","meta":{"footnotes":""},"categories":[21],"tags":[],"class_list":["post-70282","post","type-post","status-publish","format-standard","hentry","category-cultura"],"_links":{"self":[{"href":"https:\/\/diariodominicano.com\/index.php?rest_route=\/wp\/v2\/posts\/70282","targetHints":{"allow":["GET"]}}],"collection":[{"href":"https:\/\/diariodominicano.com\/index.php?rest_route=\/wp\/v2\/posts"}],"about":[{"href":"https:\/\/diariodominicano.com\/index.php?rest_route=\/wp\/v2\/types\/post"}],"author":[{"embeddable":true,"href":"https:\/\/diariodominicano.com\/index.php?rest_route=\/wp\/v2\/users\/3"}],"replies":[{"embeddable":true,"href":"https:\/\/diariodominicano.com\/index.php?rest_route=%2Fwp%2Fv2%2Fcomments&post=70282"}],"version-history":[{"count":0,"href":"https:\/\/diariodominicano.com\/index.php?rest_route=\/wp\/v2\/posts\/70282\/revisions"}],"wp:attachment":[{"href":"https:\/\/diariodominicano.com\/index.php?rest_route=%2Fwp%2Fv2%2Fmedia&parent=70282"}],"wp:term":[{"taxonomy":"category","embeddable":true,"href":"https:\/\/diariodominicano.com\/index.php?rest_route=%2Fwp%2Fv2%2Fcategories&post=70282"},{"taxonomy":"post_tag","embeddable":true,"href":"https:\/\/diariodominicano.com\/index.php?rest_route=%2Fwp%2Fv2%2Ftags&post=70282"}],"curies":[{"name":"wp","href":"https:\/\/api.w.org\/{rel}","templated":true}]}}