{"id":70281,"date":"2009-03-09T15:42:09","date_gmt":"2009-03-09T15:42:09","guid":{"rendered":"http:\/\/diariodominicano.ddns.net\/?p=70281"},"modified":"2009-03-09T15:42:09","modified_gmt":"2009-03-09T15:42:09","slug":"blandino-realizo-un-homenaje-postumo-a-don-roberto-gronneau","status":"publish","type":"post","link":"https:\/\/diariodominicano.com\/?p=70281","title":{"rendered":"Blandino realiz\u00f3 un homenaje  p\u00f3stumo a Don Roberto Gronneau"},"content":{"rendered":"<p><body><\/p>\n<p><img decoding=\"async\" src=\"http:\/\/localhost:8080\/img3\/poster.jpg\" \/>  <\/p>\n<p><span class=\"text1noticias\">La Funeraria Blandino exalt\u00f3 la memoria de Roberto Gronneau, un empleado meritorio fallecido el 10 de enero del 2008 que labor\u00f3 en la empresa durante diecisiete a\u00f1os.<\/span><\/p>\n<\/p>\n<p><span class=\"text1noticias\">El presidente de la Funeraria Blandino, Fernando Arredondo, encabez\u00f3 el acto de recordaci\u00f3n realizado en su planta principal de la Avenida Abraham Lincoln de la capital, en cual un Sal\u00f3n Principal se coloc\u00f3 su nombre.   <\/span><\/p>\n<\/p>\n<p><span class=\"text1noticias\">El empresario Arredondo destac\u00f3 la vocaci\u00f3n de servicio y la integraci\u00f3n estricta de Gronneau a la empresa.<\/span><\/p>\n<\/p>\n<p><span class=\"text1noticias\">?Hoy mantenemos vivo su recuerdo, sus historias y el amor que llen\u00f3 nuestras vidas?, a\u00f1adi\u00f3 en alusi\u00f3n al empleado fallecido.<\/span><\/p>\n<\/p>\n<p><span class=\"text1noticias\">Al acto asistieron otros ejecutivos de la instituci\u00f3n e invitados especiales que incluyen los principales  familiares del fenecido empleado, incluyendo a su viuda Clara Guzm\u00e1n de Gronneau y su hija Patricia Gronneau.<\/span><\/p>\n<\/p>\n<p><span class=\"text1noticias\">La se\u00f1ora Guzm\u00e1n de Gronneau develiz\u00f3 un collage que inmortaliza la memoria de Roberto Gronneau en la Funeraria Blandino, cuyos empleados testimoniaron su esp\u00edritu solidario y su eterna disposici\u00f3n al servicio desinteresado.<\/span><\/p>\n<\/p>\n<p><span class=\"text1noticias\">En el marco de la ceremonia el di\u00e1cono Jos\u00e9 Vargas con una hermosa oraci\u00f3n agradeci\u00f3 la vida de ese compa\u00f1ero tan especial  y bendijo  este significativo acto.<\/span><\/p>\n<h6> 2009-03-09 15:42:09 <\/h6>\n<p><!--\n<link rel=\"stylesheet\" href=\"css\/bootstrap.min.css\">\n\n\n<ul class=\"pagination\">\n\t    \n\t\n\n<li >\n\t<a href='?page_no=21958'>Previous<\/a>\n\t<\/li>\n\n\n       \n    \n\n<li><a href='?page_no=1'>1<\/a><\/li>\n\n\n\n<li><a href='?page_no=2'>2<\/a><\/li>\n\n\n\n<li><a>...<\/a><\/li>\n\n\n\n<li><a href='?page_no=21957'>21957<\/a><\/li>\n\n\n\n<li><a href='?page_no=21958'>21958<\/a><\/li>\n\n\n\n<li class='active'><a>21959<\/a><\/li>\n\n\n\n<li><a href='?page_no=21960'>21960<\/a><\/li>\n\n\n\n<li><a href='?page_no=21961'>21961<\/a><\/li>\n\n\n\n<li><a>...<\/a><\/li>\n\n\n\n<li><a href='?page_no=22911'>22911<\/a><\/li>\n\n\n\n<li><a href='?page_no=22912'>22912<\/a><\/li>\n\n    \n\t\n\n<li >\n\t<a href='?page_no=21960'>Next<\/a>\n\t<\/li>\n\n\n    \n\n<li><a href='?page_no=22912'>Last &rsaquo;&rsaquo;<\/a><\/li>\n\n<\/ul>\n\n\n--><br \/>\n<\/body><\/p>\n","protected":false},"excerpt":{"rendered":"<p>La Funeraria Blandino exalt\u00f3 la memoria de Roberto Gronneau, un empleado meritorio fallecido el 10 de enero del 2008 que labor\u00f3 en la empresa durante diecisiete a\u00f1os. El presidente de la Funeraria Blandino, Fernando Arredondo, encabez\u00f3 el acto de recordaci\u00f3n realizado en su planta principal de la Avenida Abraham Lincoln de la capital, en cual [&hellip;]<\/p>\n","protected":false},"author":3,"featured_media":0,"comment_status":"open","ping_status":"open","sticky":false,"template":"","format":"standard","meta":{"footnotes":""},"categories":[21],"tags":[],"class_list":["post-70281","post","type-post","status-publish","format-standard","hentry","category-cultura"],"_links":{"self":[{"href":"https:\/\/diariodominicano.com\/index.php?rest_route=\/wp\/v2\/posts\/70281","targetHints":{"allow":["GET"]}}],"collection":[{"href":"https:\/\/diariodominicano.com\/index.php?rest_route=\/wp\/v2\/posts"}],"about":[{"href":"https:\/\/diariodominicano.com\/index.php?rest_route=\/wp\/v2\/types\/post"}],"author":[{"embeddable":true,"href":"https:\/\/diariodominicano.com\/index.php?rest_route=\/wp\/v2\/users\/3"}],"replies":[{"embeddable":true,"href":"https:\/\/diariodominicano.com\/index.php?rest_route=%2Fwp%2Fv2%2Fcomments&post=70281"}],"version-history":[{"count":0,"href":"https:\/\/diariodominicano.com\/index.php?rest_route=\/wp\/v2\/posts\/70281\/revisions"}],"wp:attachment":[{"href":"https:\/\/diariodominicano.com\/index.php?rest_route=%2Fwp%2Fv2%2Fmedia&parent=70281"}],"wp:term":[{"taxonomy":"category","embeddable":true,"href":"https:\/\/diariodominicano.com\/index.php?rest_route=%2Fwp%2Fv2%2Fcategories&post=70281"},{"taxonomy":"post_tag","embeddable":true,"href":"https:\/\/diariodominicano.com\/index.php?rest_route=%2Fwp%2Fv2%2Ftags&post=70281"}],"curies":[{"name":"wp","href":"https:\/\/api.w.org\/{rel}","templated":true}]}}