{"id":70280,"date":"2009-03-09T18:54:10","date_gmt":"2009-03-09T18:54:10","guid":{"rendered":"http:\/\/diariodominicano.ddns.net\/?p=70280"},"modified":"2009-03-09T18:54:10","modified_gmt":"2009-03-09T18:54:10","slug":"cardenal-elogia-labor-de-secretaria-de-cultura","status":"publish","type":"post","link":"https:\/\/diariodominicano.com\/?p=70280","title":{"rendered":"Cardenal elogia labor de Secretar\u00eda de Cultura"},"content":{"rendered":"<p><body><\/p>\n<p><img decoding=\"async\" src=\"http:\/\/localhost:8080\/img3\/cadez.jpg\" \/>  <\/p>\n<p><span class=\"text1noticias\">El Cardenal Monse\u00f1or Nicol\u00e1s de Jes\u00fas L\u00f3pez Rodr\u00edguez elogi\u00f3 la labor que realiza la Secretar\u00eda de Estado de Cultura en la promoci\u00f3n de los valores culturales, al tiempo que inst\u00f3 a la instituci\u00f3n a continuar su tarea de exaltar y respaldar las acciones que contribuyen al desarrollo de la cultura en el pa\u00eds.<\/span><\/p>\n<\/p>\n<p><span class=\"text1noticias\">El jefe de la Iglesia Cat\u00f3lica reconoci\u00f3, en especial, el trabajo realizado en la organizaci\u00f3n de la Feria Internacional del Libro, de la que dijo constituye ?un verdadero orgullo para el pa\u00eds?.<\/span><\/p>\n<\/p>\n<p><span class=\"text1noticias\">?Me consta que es un evento esperado por todos, incluso fuera del pa\u00eds, porque varias personalidades de otras naciones me han manifestado su inter\u00e9s en participar en este magno evento del libro y la cultura?, afirm\u00f3 el Arzobispo de Santo Domingo.<\/span><\/p>\n<\/p>\n<p><span class=\"text1noticias\">Dijo que aunque la Iglesia Cat\u00f3lica realiza su propia feria del libro, ?en verdad, cada a\u00f1o nos sentimos muy bien acogidos en la Feria Internacional del Libro, donde tambi\u00e9n el libro cat\u00f3lico tiene un magn\u00edfico espacio para difundirse?.<\/span><\/p>\n<\/p>\n<p><span class=\"text1noticias\">Las palabras del prelado fueron pronunciadas en el acto inaugural de la XX Feria del Libro Cat\u00f3lico, celebrada en Casa San Pablo.<\/span><\/p>\n<\/p>\n<p><span class=\"text1noticias\">En el evento, la Secretar\u00eda de Estado de Cultura entreg\u00f3 una resoluci\u00f3n declarando dicha feria como Evento de Alto Inter\u00e9s Cultural, como reconocimiento por celebrarse durante veinte a\u00f1os consecutivos.<\/span><\/p>\n<\/p>\n<p><span class=\"text1noticias\">Conforme la resoluci\u00f3n de la SEC, ?la Feria del Libro Cat\u00f3lico se ha sostenido como un evento anual de rigurosa organizaci\u00f3n, que ha logrado adquirir la calidad de evento cultural de alto nivel?.<\/span><\/p>\n<\/p>\n<p><span class=\"text1noticias\">Agrega que la misma es ?un eje de difusi\u00f3n de valores morales y espirituales que contribuyen con la construcci\u00f3n de un mejor pa\u00eds?.<\/span><\/p>\n<\/p>\n<p><span class=\"text1noticias\">Se\u00f1ala la Secretar\u00eda de Cultura en su resoluci\u00f3n que ?la cultura dominicana se beneficia grandemente de la continuidad y solidez de la Feria del Libro Cat\u00f3lico, en tanto la misma es un enclave de promoci\u00f3n de los grandes valores del libro y la cultura?.<\/span><\/p>\n<\/p>\n<p><span class=\"text1noticias\">?Es menester promover una sociedad de valores?, dice la resoluci\u00f3n citada, a\u00f1adiendo que ?eventos de este tipo permiten la difusi\u00f3n de libros con un alto contenido moral que sirven para incentivar el amor a Dios, a la familia, a los valores patrios y al mejoramiento individual y colectivo?.<\/span><\/p>\n<\/p>\n<p><span class=\"text1noticias\">Al declarar a la Feria del Libro Cat\u00f3lico como Evento de Alto Inter\u00e9s Cultural, la SEC reconoce que dicha actividad forma parte ya de la agenda cultural anual de la Rep\u00fablica Dominicana.<\/span><\/p>\n<\/p>\n<p><span class=\"text1noticias\">La entrega del reconocimiento fue hecha por el licenciado Alejandro Arvelo, director general de la Feria del Libro, y fue recibida por el Cardenal L\u00f3pez Rodr\u00edguez.<\/span><\/p>\n<h6> 2009-03-09 18:54:10 <\/h6>\n<p><!--\n<link rel=\"stylesheet\" href=\"css\/bootstrap.min.css\">\n\n\n<ul class=\"pagination\">\n\t    \n\t\n\n<li >\n\t<a href='?page_no=21957'>Previous<\/a>\n\t<\/li>\n\n\n       \n    \n\n<li><a href='?page_no=1'>1<\/a><\/li>\n\n\n\n<li><a href='?page_no=2'>2<\/a><\/li>\n\n\n\n<li><a>...<\/a><\/li>\n\n\n\n<li><a href='?page_no=21956'>21956<\/a><\/li>\n\n\n\n<li><a href='?page_no=21957'>21957<\/a><\/li>\n\n\n\n<li class='active'><a>21958<\/a><\/li>\n\n\n\n<li><a href='?page_no=21959'>21959<\/a><\/li>\n\n\n\n<li><a href='?page_no=21960'>21960<\/a><\/li>\n\n\n\n<li><a>...<\/a><\/li>\n\n\n\n<li><a href='?page_no=22911'>22911<\/a><\/li>\n\n\n\n<li><a href='?page_no=22912'>22912<\/a><\/li>\n\n    \n\t\n\n<li >\n\t<a href='?page_no=21959'>Next<\/a>\n\t<\/li>\n\n\n    \n\n<li><a href='?page_no=22912'>Last &rsaquo;&rsaquo;<\/a><\/li>\n\n<\/ul>\n\n\n--><br \/>\n<\/body><\/p>\n","protected":false},"excerpt":{"rendered":"<p>El Cardenal Monse\u00f1or Nicol\u00e1s de Jes\u00fas L\u00f3pez Rodr\u00edguez elogi\u00f3 la labor que realiza la Secretar\u00eda de Estado de Cultura en la promoci\u00f3n de los valores culturales, al tiempo que inst\u00f3 a la instituci\u00f3n a continuar su tarea de exaltar y respaldar las acciones que contribuyen al desarrollo de la cultura en el pa\u00eds. El jefe [&hellip;]<\/p>\n","protected":false},"author":3,"featured_media":0,"comment_status":"open","ping_status":"open","sticky":false,"template":"","format":"standard","meta":{"footnotes":""},"categories":[21],"tags":[],"class_list":["post-70280","post","type-post","status-publish","format-standard","hentry","category-cultura"],"_links":{"self":[{"href":"https:\/\/diariodominicano.com\/index.php?rest_route=\/wp\/v2\/posts\/70280","targetHints":{"allow":["GET"]}}],"collection":[{"href":"https:\/\/diariodominicano.com\/index.php?rest_route=\/wp\/v2\/posts"}],"about":[{"href":"https:\/\/diariodominicano.com\/index.php?rest_route=\/wp\/v2\/types\/post"}],"author":[{"embeddable":true,"href":"https:\/\/diariodominicano.com\/index.php?rest_route=\/wp\/v2\/users\/3"}],"replies":[{"embeddable":true,"href":"https:\/\/diariodominicano.com\/index.php?rest_route=%2Fwp%2Fv2%2Fcomments&post=70280"}],"version-history":[{"count":0,"href":"https:\/\/diariodominicano.com\/index.php?rest_route=\/wp\/v2\/posts\/70280\/revisions"}],"wp:attachment":[{"href":"https:\/\/diariodominicano.com\/index.php?rest_route=%2Fwp%2Fv2%2Fmedia&parent=70280"}],"wp:term":[{"taxonomy":"category","embeddable":true,"href":"https:\/\/diariodominicano.com\/index.php?rest_route=%2Fwp%2Fv2%2Fcategories&post=70280"},{"taxonomy":"post_tag","embeddable":true,"href":"https:\/\/diariodominicano.com\/index.php?rest_route=%2Fwp%2Fv2%2Ftags&post=70280"}],"curies":[{"name":"wp","href":"https:\/\/api.w.org\/{rel}","templated":true}]}}