{"id":70279,"date":"2009-03-09T18:57:22","date_gmt":"2009-03-09T18:57:22","guid":{"rendered":"http:\/\/diariodominicano.ddns.net\/?p=70279"},"modified":"2009-03-09T18:57:22","modified_gmt":"2009-03-09T18:57:22","slug":"cultura-realiza-presentacion-oficial-de-la-convencion-sobre-la-proteccion-y-promocion-de-la-diversidad-de-las-expresiones-culturales","status":"publish","type":"post","link":"https:\/\/diariodominicano.com\/?p=70279","title":{"rendered":"Cultura realiza presentaci\u00f3n oficial de la ?Convenci\u00f3n sobre la Protecci\u00f3n y Promoci\u00f3n de la Diversidad de las Expresiones Culturales?"},"content":{"rendered":"<p><body><\/p>\n<p><img decoding=\"async\" src=\"http:\/\/localhost:8080\/img3\/matez.jpg\" \/>  <\/p>\n<p><span class=\"text1noticias\">La secretar\u00eda de Estado de Cultura, a trav\u00e9s de la Subsecretar\u00eda de Estado de la Diversidad Cultural y la Comisi\u00f3n Nacional Dominicana para la UNESCO, ofrecieron un c\u00f3ctel en el marco del cual presentaron de manera formal la ?Convenci\u00f3n sobre la Protecci\u00f3n y Promoci\u00f3n de la Diversidad de las Expresiones Culturales?, aprobada por el Congreso Nacional y Promulgada por el Excelent\u00edsimo Presidente de la Republica, Dr. Leonel Fern\u00e1ndez Reyna.   <\/span><\/p>\n<\/p>\n<p><span class=\"text1noticias\">El acto cont\u00f3 con la asistencia de Avelino Stanley, Subsecretario de Cultura para la Diversidad Cultural y Nicauly Vargas, Secretaria General de la Comisi\u00f3n Nacional Dominicana para la Unesco.   <\/span><\/p>\n<\/p>\n<p><span class=\"text1noticias\">El encuentro tuvo lugar en las instalaciones de la Casa de la UNESCO, ubicada en la calle Luper\u00f3n No. 115, Ciudad Colonial. En el mismo se dieron cita personalidades del \u00e1mbito cultural y social del pa\u00eds.   <\/span><\/p>\n<\/p>\n<p><span class=\"text1noticias\">Avelino Stanley, al pronunciar su discurso central, manifest\u00f3 que ?La aprobaci\u00f3n de la Convenci\u00f3n sobre la Protecci\u00f3n y Promoci\u00f3n de la Diversidad de las Expresiones Culturales de la UNESCO le permitir\u00e1 al pa\u00eds, a partir del presente momento, participar con voz y voto  en ese importante organismo que es su Conferencia General (donde antes solo participaba con voz). Pero adem\u00e1s, y este es un factor de sumo inter\u00e9s, podr\u00e1 tener Rep\u00fablica Dominicana acceso con menos restricciones, y con m\u00e1s facilidad, a los distintos programas que desarrolla la UNESCO a favor de la cultura?.  <\/span><\/p>\n<\/p>\n<p><span class=\"text1noticias\">Destac\u00f3 que los objetivos y principios rectores de la Convenci\u00f3n son: a) proteger y promover la diversidad de las expresiones culturales; b) crear las condiciones para que las culturas puedan prosperar y mantener interacciones libremente de forma mutuamente provechosa; c) fomentar el di\u00e1logo entre culturas a fin de garantizar intercambios culturales m\u00e1s amplios y equilibrados en el mundo en pro del respeto intercultural y una cultura de paz; d) fomentar la interculturalidad con el fin de desarrollar la interacci\u00f3n cultural, con el esp\u00edritu de construir puentes entre los pueblos.   <\/span><\/p>\n<\/p>\n<p><span class=\"text1noticias\">Adem\u00e1s, promover el respeto de la diversidad de las expresiones culturales y hacer cobrar conciencia de su valor en el plano local, nacional e internacional; f) reafirmar la importancia del v\u00ednculo existente entre la cultura y el desarrollo para todos los pa\u00edses, en especial los pa\u00edses en desarrollo, y apoyar las actividades realizadas en el plano nacional e internacional para que se reconozca el aut\u00e9ntico valor de ese v\u00ednculo.   <\/span><\/p>\n<\/p>\n<p><span class=\"text1noticias\">Reconocer la \u00edndole espec\u00edfica de las actividades y los bienes y servicios culturales en su calidad de portadores de identidad, valores y significados; h) reiterar los derechos soberanos de los Estados a conservar, adoptar y aplicar las pol\u00edticas y medidas que estimen necesarias para proteger y promover la diversidad de las expresiones culturales en sus respectivos territorios.   <\/span><\/p>\n<\/p>\n<p><span class=\"text1noticias\">Otro de los objetivos es fortalecer la cooperaci\u00f3n y solidaridad internacionales en un esp\u00edritu de colaboraci\u00f3n, a fin de reforzar, en particular, las capacidades de los pa\u00edses en desarrollo con objeto de proteger y promover la diversidad de las expresiones culturales.   <\/span><\/p>\n<\/p>\n<p><span class=\"text1noticias\">El acto de presentaci\u00f3n oficial de la Convenci\u00f3n sobre la Protecci\u00f3n y Promoci\u00f3n de la Diversidad de las Expresiones Culturales, cont\u00f3 con una muestra art\u00edstico-cultural a cargo de Los Congos de Villa Mella, Los Guineros de Ban\u00ed y la presentaci\u00f3n de los Guloyas de San Pedro de Macor\u00eds.   <\/span><\/p>\n<\/p>\n<p><span class=\"text1noticias\">Adem\u00e1s, se realiz\u00f3 una exposici\u00f3n de instrumentos de Los Congos y Los Guloyas, y el obsequio a los presentes de una tamborita, de artesan\u00eda local.  <\/span><\/p>\n<h6> 2009-03-09 18:57:22 <\/h6>\n<p><!--\n<link rel=\"stylesheet\" href=\"css\/bootstrap.min.css\">\n\n\n<ul class=\"pagination\">\n\t    \n\t\n\n<li >\n\t<a href='?page_no=21956'>Previous<\/a>\n\t<\/li>\n\n\n       \n    \n\n<li><a href='?page_no=1'>1<\/a><\/li>\n\n\n\n<li><a href='?page_no=2'>2<\/a><\/li>\n\n\n\n<li><a>...<\/a><\/li>\n\n\n\n<li><a href='?page_no=21955'>21955<\/a><\/li>\n\n\n\n<li><a href='?page_no=21956'>21956<\/a><\/li>\n\n\n\n<li class='active'><a>21957<\/a><\/li>\n\n\n\n<li><a href='?page_no=21958'>21958<\/a><\/li>\n\n\n\n<li><a href='?page_no=21959'>21959<\/a><\/li>\n\n\n\n<li><a>...<\/a><\/li>\n\n\n\n<li><a href='?page_no=22911'>22911<\/a><\/li>\n\n\n\n<li><a href='?page_no=22912'>22912<\/a><\/li>\n\n    \n\t\n\n<li >\n\t<a href='?page_no=21958'>Next<\/a>\n\t<\/li>\n\n\n    \n\n<li><a href='?page_no=22912'>Last &rsaquo;&rsaquo;<\/a><\/li>\n\n<\/ul>\n\n\n--><br \/>\n<\/body><\/p>\n","protected":false},"excerpt":{"rendered":"<p>La secretar\u00eda de Estado de Cultura, a trav\u00e9s de la Subsecretar\u00eda de Estado de la Diversidad Cultural y la Comisi\u00f3n Nacional Dominicana para la UNESCO, ofrecieron un c\u00f3ctel en el marco del cual presentaron de manera formal la ?Convenci\u00f3n sobre la Protecci\u00f3n y Promoci\u00f3n de la Diversidad de las Expresiones Culturales?, aprobada por el Congreso [&hellip;]<\/p>\n","protected":false},"author":3,"featured_media":0,"comment_status":"open","ping_status":"open","sticky":false,"template":"","format":"standard","meta":{"footnotes":""},"categories":[21],"tags":[],"class_list":["post-70279","post","type-post","status-publish","format-standard","hentry","category-cultura"],"_links":{"self":[{"href":"https:\/\/diariodominicano.com\/index.php?rest_route=\/wp\/v2\/posts\/70279","targetHints":{"allow":["GET"]}}],"collection":[{"href":"https:\/\/diariodominicano.com\/index.php?rest_route=\/wp\/v2\/posts"}],"about":[{"href":"https:\/\/diariodominicano.com\/index.php?rest_route=\/wp\/v2\/types\/post"}],"author":[{"embeddable":true,"href":"https:\/\/diariodominicano.com\/index.php?rest_route=\/wp\/v2\/users\/3"}],"replies":[{"embeddable":true,"href":"https:\/\/diariodominicano.com\/index.php?rest_route=%2Fwp%2Fv2%2Fcomments&post=70279"}],"version-history":[{"count":0,"href":"https:\/\/diariodominicano.com\/index.php?rest_route=\/wp\/v2\/posts\/70279\/revisions"}],"wp:attachment":[{"href":"https:\/\/diariodominicano.com\/index.php?rest_route=%2Fwp%2Fv2%2Fmedia&parent=70279"}],"wp:term":[{"taxonomy":"category","embeddable":true,"href":"https:\/\/diariodominicano.com\/index.php?rest_route=%2Fwp%2Fv2%2Fcategories&post=70279"},{"taxonomy":"post_tag","embeddable":true,"href":"https:\/\/diariodominicano.com\/index.php?rest_route=%2Fwp%2Fv2%2Ftags&post=70279"}],"curies":[{"name":"wp","href":"https:\/\/api.w.org\/{rel}","templated":true}]}}