{"id":70278,"date":"2009-03-09T18:59:16","date_gmt":"2009-03-09T18:59:16","guid":{"rendered":"http:\/\/diariodominicano.ddns.net\/?p=70278"},"modified":"2009-03-09T18:59:16","modified_gmt":"2009-03-09T18:59:16","slug":"cultura-pone-en-circulacion-revista-pais-cultural-en-puerto-rico","status":"publish","type":"post","link":"https:\/\/diariodominicano.com\/?p=70278","title":{"rendered":"Cultura pone en circulaci\u00f3n revista Pa\u00eds Cultural en Puerto Rico"},"content":{"rendered":"<p><body><\/p>\n<p><img decoding=\"async\" src=\"http:\/\/localhost:8080\/img3\/bazil.jpg\" \/>  <\/p>\n<p><span class=\"text1noticias\">Durante un encuentro en la librer\u00eda La Tertulia del Viejo San Juan, Puerto Rico, la Secretar\u00eda de Estado de Cultura puso en circulaci\u00f3n el n\u00famero 7 de la revista Pa\u00eds Cultural. <\/span><\/p>\n<\/p>\n<p><span class=\"text1noticias\">Las palabras de apertura del acto correspondieron al periodista y escritor dominicano radicado en la vecina isla, Eugenio Garc\u00eda Cuevas. Mientras que la presentaci\u00f3n de la revista estuvo a cargo de su director Basilio Belliard, quien dirige adem\u00e1s el Departamento de Gesti\u00f3n Literaria de la Secretar\u00eda de Estado de Cultura.<\/span><\/p>\n<\/p>\n<p><span class=\"text1noticias\">Belliard manifest\u00f3 que ?Pa\u00eds Cultural es el \u00f3rgano de difusi\u00f3n intelectual y cultural m\u00e1s importante de la Secretar\u00eda de Cultura con el que se busca dinamizar el debate de las ideas en el pa\u00eds, ante la ausencia de espacios en los diarios de circulaci\u00f3n nacional y ante la demanda de los intelectuales y artistas que necesitaban un instrumento para divulgar sus creaciones art\u00edsticas e intelectuales?.<\/span><\/p>\n<\/p>\n<p><span class=\"text1noticias\">En sus tres a\u00f1os de existencia, esta revista ha logrado calar en los c\u00edrculos culturales del pa\u00eds por ser un \u00f3rgano no s\u00f3lo informativo, sino que presenta un novedoso, variado y rico contenido, as\u00ed como un dise\u00f1o gr\u00e1fico y una propuesta editorial sorprendentes, con ilustraciones y portadas de artistas dominicanos y un Consejo Editorial representado por destacados escritores, resalt\u00f3. <\/span><\/p>\n<\/p>\n<p><span class=\"text1noticias\">Pa\u00eds Cultural cuenta con la colaboraci\u00f3n de los m\u00e1s importantes escritores e intelectuales de Am\u00e9rica Latina como Jos\u00e9 Miguel Oviedo, Adolfo Casta\u00f1\u00f3n, Christopher Dom\u00ednguez Michael, Roberto Echavarren, V\u00edctor Bravo, Rafael Courtoisie, Jos\u00e9 Luis Vega, Eugenio Montejo, Jos\u00e9 Watanabe, Manlio Argueta, entre otros no menos destacados. <\/span><\/p>\n<\/p>\n<p><span class=\"text1noticias\">Por sus p\u00e1ginas han desfilado poemas, entrevistas, cuentos, ensayos, cr\u00edticas, cr\u00f3nicas y rese\u00f1as de plumas nacionales e internacionales que prestigian las p\u00e1ginas de esta revista cultural y literaria, que circula cada cuatro meses y es editada por la Editora Nacional, que dirige el poeta Le\u00f3n F\u00e9lix Batista.<\/span><\/p>\n<\/p>\n<p><span class=\"text1noticias\">Belliard puntualiz\u00f3 que ?esta actividad se inscribe dentro de un ciclo de presentaciones de esta revista en ciudades de gran presencia de dominicanos, con la finalidad de darla a conocer en otros escenarios y conquistar nuevos lectores y de promover su contenido?.<\/span><\/p>\n<h6> 2009-03-09 18:59:16 <\/h6>\n<p><!--\n<link rel=\"stylesheet\" href=\"css\/bootstrap.min.css\">\n\n\n<ul class=\"pagination\">\n\t    \n\t\n\n<li >\n\t<a href='?page_no=21955'>Previous<\/a>\n\t<\/li>\n\n\n       \n    \n\n<li><a href='?page_no=1'>1<\/a><\/li>\n\n\n\n<li><a href='?page_no=2'>2<\/a><\/li>\n\n\n\n<li><a>...<\/a><\/li>\n\n\n\n<li><a href='?page_no=21954'>21954<\/a><\/li>\n\n\n\n<li><a href='?page_no=21955'>21955<\/a><\/li>\n\n\n\n<li class='active'><a>21956<\/a><\/li>\n\n\n\n<li><a href='?page_no=21957'>21957<\/a><\/li>\n\n\n\n<li><a href='?page_no=21958'>21958<\/a><\/li>\n\n\n\n<li><a>...<\/a><\/li>\n\n\n\n<li><a href='?page_no=22911'>22911<\/a><\/li>\n\n\n\n<li><a href='?page_no=22912'>22912<\/a><\/li>\n\n    \n\t\n\n<li >\n\t<a href='?page_no=21957'>Next<\/a>\n\t<\/li>\n\n\n    \n\n<li><a href='?page_no=22912'>Last &rsaquo;&rsaquo;<\/a><\/li>\n\n<\/ul>\n\n\n--><br \/>\n<\/body><\/p>\n","protected":false},"excerpt":{"rendered":"<p>Durante un encuentro en la librer\u00eda La Tertulia del Viejo San Juan, Puerto Rico, la Secretar\u00eda de Estado de Cultura puso en circulaci\u00f3n el n\u00famero 7 de la revista Pa\u00eds Cultural. Las palabras de apertura del acto correspondieron al periodista y escritor dominicano radicado en la vecina isla, Eugenio Garc\u00eda Cuevas. Mientras que la presentaci\u00f3n [&hellip;]<\/p>\n","protected":false},"author":3,"featured_media":0,"comment_status":"open","ping_status":"open","sticky":false,"template":"","format":"standard","meta":{"footnotes":""},"categories":[21],"tags":[],"class_list":["post-70278","post","type-post","status-publish","format-standard","hentry","category-cultura"],"_links":{"self":[{"href":"https:\/\/diariodominicano.com\/index.php?rest_route=\/wp\/v2\/posts\/70278","targetHints":{"allow":["GET"]}}],"collection":[{"href":"https:\/\/diariodominicano.com\/index.php?rest_route=\/wp\/v2\/posts"}],"about":[{"href":"https:\/\/diariodominicano.com\/index.php?rest_route=\/wp\/v2\/types\/post"}],"author":[{"embeddable":true,"href":"https:\/\/diariodominicano.com\/index.php?rest_route=\/wp\/v2\/users\/3"}],"replies":[{"embeddable":true,"href":"https:\/\/diariodominicano.com\/index.php?rest_route=%2Fwp%2Fv2%2Fcomments&post=70278"}],"version-history":[{"count":0,"href":"https:\/\/diariodominicano.com\/index.php?rest_route=\/wp\/v2\/posts\/70278\/revisions"}],"wp:attachment":[{"href":"https:\/\/diariodominicano.com\/index.php?rest_route=%2Fwp%2Fv2%2Fmedia&parent=70278"}],"wp:term":[{"taxonomy":"category","embeddable":true,"href":"https:\/\/diariodominicano.com\/index.php?rest_route=%2Fwp%2Fv2%2Fcategories&post=70278"},{"taxonomy":"post_tag","embeddable":true,"href":"https:\/\/diariodominicano.com\/index.php?rest_route=%2Fwp%2Fv2%2Ftags&post=70278"}],"curies":[{"name":"wp","href":"https:\/\/api.w.org\/{rel}","templated":true}]}}