{"id":70277,"date":"2009-03-09T21:47:45","date_gmt":"2009-03-09T21:47:45","guid":{"rendered":"http:\/\/diariodominicano.ddns.net\/?p=70277"},"modified":"2009-03-09T21:47:45","modified_gmt":"2009-03-09T21:47:45","slug":"uasd-conmemora-192-aniversario-natalicio-de-francisco-del-rosario-sanchez","status":"publish","type":"post","link":"https:\/\/diariodominicano.com\/?p=70277","title":{"rendered":"UASD conmemora 192 Aniversario natalicio de Francisco del Rosario S\u00e1nchez"},"content":{"rendered":"<p><body><\/p>\n<p><img decoding=\"async\" src=\"http:\/\/localhost:8080\/img3\/anir.jpg\" \/>  <\/p>\n<p><span class=\"text1noticias\">La Universidad Aut\u00f3noma de Santo Domingo (UASD) deposit\u00f3 una ofrenda floral para conmemorar el 192 aniversario del natalicio del m\u00e1rtir Francisco del Rosario S\u00e1nchez, considerado uno de los padres de la Patria, junto con Juan Pablo Duarte y Ram\u00f3n Mat\u00edas Mella.<\/span><\/p>\n<\/p>\n<p><span class=\"text1noticias\">La actividad se llev\u00f3 a cabo dentro del campus universitario frente al busto del patricio Del Rosario S\u00e1nchez, y estuvo presidida por las autoridades universitarias, y donde asistieron profesores, estudiantes y empleados uasdianos.<\/span><\/p>\n<\/p>\n<p><span class=\"text1noticias\">Estuvieron presentes los vicerrectores de Extensi\u00f3n, Rafael Nino Feliz, quien adem\u00e1s represent\u00f3 al rector de la UASD, doctor Franklin Garc\u00eda Ferm\u00edn; Mar\u00eda Josefina Copplind; de Investigaci\u00f3n y Postgrado, y Maritza Camacho, Administrativa.<\/span><\/p>\n<\/p>\n<p><span class=\"text1noticias\">Tambi\u00e9n, encabezaron el acto, Juan Medina, secretario general; Rafael Morla, decano de la Facultad de Humanidades; Dioris Antigua Correa, director de la Escuela de Historia y Antropolog\u00eda, y Tom\u00e1s Olivero, coordinador general de la Oficina de los Centros Regionales.<\/span><\/p>\n<\/p>\n<p><span class=\"text1noticias\">En nombre de las autoridades universitarias, habl\u00f3 Nino Feliz, quien destac\u00f3 el papel desempe\u00f1ado por el patricio Del Rosario S\u00e1nchez durante la \u00e9poca de la independencia nacional y que es un ejemplo a seguir por todos los ciudadanos.<\/span><\/p>\n<\/p>\n<p><span class=\"text1noticias\">Indic\u00f3 que la actividad se encierra dentro de los actos patri\u00f3ticos que realiza la UASD para recordar acontecimientos importantes en la historia dominicana.<\/span><\/p>\n<\/p>\n<p><span class=\"text1noticias\">Por su lado, el profesor  Ismael Hern\u00e1ndez, de la escuela de Historia y Antropolog\u00eda, habl\u00f3 de la vida pol\u00edtica del patricio Del Rosario S\u00e1nchez, destacando que \u00e9ste tuvo tres etapas en su vida que sirven para analizarlo como figura hist\u00f3rica del pueblo dominicano.<\/span><\/p>\n<\/p>\n<p><span class=\"text1noticias\">Agreg\u00f3 que la primera etapa se destaca por su empe\u00f1o por la independencia al lado de Duarte, que le permiti\u00f3 incluso dirigir el proceso de separaci\u00f3n cuando \u00e9ste  no pudo estar el 27 de febrero de 1844; la segunda consisti\u00f3 en su funci\u00f3n de fiscal y abogado durante la d\u00e9cada de 1848 al 1858, donde tuvo que acusar y defender a personalidades que lucharon por la causa patri\u00f3tica, y la tercera, se inicia con su lucha contra la anexi\u00f3n a Espa\u00f1a, que hiciera Ram\u00f3n Santana, en 1861, a quien calific\u00f3 de traidor.<\/span><\/p>\n<\/p>\n<p><span class=\"text1noticias\">Critic\u00f3 que la historia dominicana tiene distorsiones que deber\u00edan corregirse para conocer y analizar mejor sus figuras y hechos hist\u00f3ricos, al tiempo de decir que el patricio deber\u00eda ser conocido con el nombre completo de ?Francisco S\u00e1nchez Del Rosario? y no Francisco del Rosario S\u00e1nchez?, debido a que era hijo de Narciso S\u00e1nchez y Olaya del Rosario, y el padre lo reconoci\u00f3.<\/span><\/p>\n<\/p>\n<p><span class=\"text1noticias\">Indic\u00f3 que siempre en la historia dominicana han establecido que en 1844 se estableci\u00f3 la Independencia Nacional, pero que no es  as\u00ed, sino que lo que hubo fue una separaci\u00f3n, pues esta parte oriental de la isla Hispaniola o Espa\u00f1ola., donde est\u00e1 Rep\u00fablica Dominicana, no era colonia de Hait\u00ed.<\/span><\/p>\n<h6> 2009-03-09 21:47:45 <\/h6>\n<p><!--\n<link rel=\"stylesheet\" href=\"css\/bootstrap.min.css\">\n\n\n<ul class=\"pagination\">\n\t    \n\t\n\n<li >\n\t<a href='?page_no=21954'>Previous<\/a>\n\t<\/li>\n\n\n       \n    \n\n<li><a href='?page_no=1'>1<\/a><\/li>\n\n\n\n<li><a href='?page_no=2'>2<\/a><\/li>\n\n\n\n<li><a>...<\/a><\/li>\n\n\n\n<li><a href='?page_no=21953'>21953<\/a><\/li>\n\n\n\n<li><a href='?page_no=21954'>21954<\/a><\/li>\n\n\n\n<li class='active'><a>21955<\/a><\/li>\n\n\n\n<li><a href='?page_no=21956'>21956<\/a><\/li>\n\n\n\n<li><a href='?page_no=21957'>21957<\/a><\/li>\n\n\n\n<li><a>...<\/a><\/li>\n\n\n\n<li><a href='?page_no=22911'>22911<\/a><\/li>\n\n\n\n<li><a href='?page_no=22912'>22912<\/a><\/li>\n\n    \n\t\n\n<li >\n\t<a href='?page_no=21956'>Next<\/a>\n\t<\/li>\n\n\n    \n\n<li><a href='?page_no=22912'>Last &rsaquo;&rsaquo;<\/a><\/li>\n\n<\/ul>\n\n\n--><br \/>\n<\/body><\/p>\n","protected":false},"excerpt":{"rendered":"<p>La Universidad Aut\u00f3noma de Santo Domingo (UASD) deposit\u00f3 una ofrenda floral para conmemorar el 192 aniversario del natalicio del m\u00e1rtir Francisco del Rosario S\u00e1nchez, considerado uno de los padres de la Patria, junto con Juan Pablo Duarte y Ram\u00f3n Mat\u00edas Mella. La actividad se llev\u00f3 a cabo dentro del campus universitario frente al busto del [&hellip;]<\/p>\n","protected":false},"author":3,"featured_media":0,"comment_status":"open","ping_status":"open","sticky":false,"template":"","format":"standard","meta":{"footnotes":""},"categories":[21],"tags":[],"class_list":["post-70277","post","type-post","status-publish","format-standard","hentry","category-cultura"],"_links":{"self":[{"href":"https:\/\/diariodominicano.com\/index.php?rest_route=\/wp\/v2\/posts\/70277","targetHints":{"allow":["GET"]}}],"collection":[{"href":"https:\/\/diariodominicano.com\/index.php?rest_route=\/wp\/v2\/posts"}],"about":[{"href":"https:\/\/diariodominicano.com\/index.php?rest_route=\/wp\/v2\/types\/post"}],"author":[{"embeddable":true,"href":"https:\/\/diariodominicano.com\/index.php?rest_route=\/wp\/v2\/users\/3"}],"replies":[{"embeddable":true,"href":"https:\/\/diariodominicano.com\/index.php?rest_route=%2Fwp%2Fv2%2Fcomments&post=70277"}],"version-history":[{"count":0,"href":"https:\/\/diariodominicano.com\/index.php?rest_route=\/wp\/v2\/posts\/70277\/revisions"}],"wp:attachment":[{"href":"https:\/\/diariodominicano.com\/index.php?rest_route=%2Fwp%2Fv2%2Fmedia&parent=70277"}],"wp:term":[{"taxonomy":"category","embeddable":true,"href":"https:\/\/diariodominicano.com\/index.php?rest_route=%2Fwp%2Fv2%2Fcategories&post=70277"},{"taxonomy":"post_tag","embeddable":true,"href":"https:\/\/diariodominicano.com\/index.php?rest_route=%2Fwp%2Fv2%2Ftags&post=70277"}],"curies":[{"name":"wp","href":"https:\/\/api.w.org\/{rel}","templated":true}]}}