{"id":70275,"date":"2009-03-10T16:55:00","date_gmt":"2009-03-10T16:55:00","guid":{"rendered":"http:\/\/diariodominicano.ddns.net\/?p=70275"},"modified":"2009-03-10T16:55:00","modified_gmt":"2009-03-10T16:55:00","slug":"otra-vez-teatro-para-descubrir-la-vida","status":"publish","type":"post","link":"https:\/\/diariodominicano.com\/?p=70275","title":{"rendered":"\u00a1Otra Vez \u00a1!!Teatro para descubrir la Vida \u00a1!!"},"content":{"rendered":"<p><body><\/p>\n<p><img decoding=\"async\" src=\"http:\/\/localhost:8080\/img3\/teator.jpg\" \/>  <\/p>\n<p><span class=\"text1noticias\">Con el objetivo de hacer que el teatro contribuya al crecimiento y al estimulo de la creatividad de nuestros j\u00f3venes estudiantes, se est\u00e1  celebrando en nuestra ciudad el Tercer Festival Provincial de Teatro Escolar Santiago 2008. <\/span><\/p>\n<\/p>\n<p><span class=\"text1noticias\">Auspiciado por la Oficina Senatorial de Santiago, la convocatoria de este Festival se enmarca dentro del plan de actuaci\u00f3n de esta oficina que tiene, seg\u00fan declaraciones del senador Dr. Francisco Dom\u00ednguez Brito, un objetivo primordial: la educaci\u00f3n <\/span><\/p>\n<p><span class=\"text1noticias\">  <\/span><\/p>\n<p><span class=\"text1noticias\">Desde que en septiembre del pasado a\u00f1o se  ha estado trabajando bajo la supervicion y coordinaci\u00f3n t\u00e9cnica y art\u00edstica de la reconocida instituci\u00f3n dedicada a las artes esc\u00e9nicas: La 37 por las Tablas , bajo la direcci\u00f3n de  Mar\u00eda Ligia Grull\u00f3n , como asesores Lorenzo Sosa , Giovanny Largo , reconocido dramaturgo , director y actor del hermano pa\u00eds de Colombia , invitado especial del Festival y de la 37 por las Tablas. <\/span><\/p>\n<p><span class=\"text1noticias\">  <\/span><\/p>\n<p><span class=\"text1noticias\">Hasta el d\u00eda de hoy, m\u00e1s de 2500  j\u00f3venes estudiantes y maestros de nivel medio de Escuelas P\u00fablicas y Privadas de Santiago han participado en las distintas etapas del mismo, durante estos tres a\u00f1os. <\/span><\/p>\n<p><span class=\"text1noticias\">  <\/span><\/p>\n<p><span class=\"text1noticias\">El festival se inici\u00f3 en los escenarios del Gran Teatro del Cibao y de La 37 por las Tablas, con la celebraci\u00f3n de audiciones previas donde se seleccionaron los estudiantes que participar\u00edan en unos talleres de capacitaci\u00f3n. La formaci\u00f3n teatral de estos j\u00f3venes se llev\u00f3 a cabo entre los meses de noviembre, enero , febrero del 2009 y corri\u00f3 a cargo de Aura Santos, Maria Ligia Grull\u00f3n, Alfa Rodr\u00edguez , Claudio Rivera, Viena Gonz\u00e1les, Lorena Oliva, Pedro Rodr\u00edguez, Vinicio Pons,Vinicio Pons, todos ellos destacados profesionales de  las artes escenicas. Los <\/span><\/p>\n<\/p>\n<p><span class=\"text1noticias\">Talleres impartidos fueron:  Producci\u00f3n Teatral e Introducci\u00f3n a la direcci\u00f3n esc\u00e9nica, Expresi\u00f3n Corporal, Vestuario, Expresi\u00f3n Vocal,  Maquillaje                                                                                  Direcci\u00f3n Esc\u00e9nica ,Escenograf\u00eda  Elementos T\u00e9cnicos de la Escena Construcci\u00f3n de Personajes Esc\u00e9nicos,Taller de Clown, C\u00f3mo usar la Internet \u00f3ptimamente   para la Investigaci\u00f3n y las Artes Taller de Acciones Impro .<\/span><\/p>\n<\/p>\n<p><span class=\"text1noticias\">Tras este periodo de formaci\u00f3n y con el objetivo de que la comunidad se integre y apoyen a sus j\u00f3venes, han  montado y ensayado, con la supervisi\u00f3n t\u00e9cnica de la citada instituci\u00f3n, las obras que en sus propias escuelas comienzan a presentar a sus compa\u00f1eros, amigos y familiares a partir del 9 al 26 de Marzo . Ser\u00e1n seleccionadas las mejores por un jurado conformado por : los reconocidos teatristas : Kalent Zaiz, Ramonita Liriano y Giovanny Largo como presidente del jurado . <\/span><\/p>\n<p><span class=\"text1noticias\">Finalmente los grupos preseleccionados para la final  representar\u00e1n su obra en el Gran teatro del Cibao desde el 13 al 17 de abril . <\/span><\/p>\n<\/p>\n<p><span class=\"text1noticias\">\u00a1Juntos lo haremos Mejor! Participa Sigue la Ruta del Festival \u00a1!! Vive el Teatro \u00a1!!<\/span><\/p>\n<h6> 2009-03-10 16:55:00 <\/h6>\n<p><!--\n<link rel=\"stylesheet\" href=\"css\/bootstrap.min.css\">\n\n\n<ul class=\"pagination\">\n\t    \n\t\n\n<li >\n\t<a href='?page_no=21952'>Previous<\/a>\n\t<\/li>\n\n\n       \n    \n\n<li><a href='?page_no=1'>1<\/a><\/li>\n\n\n\n<li><a href='?page_no=2'>2<\/a><\/li>\n\n\n\n<li><a>...<\/a><\/li>\n\n\n\n<li><a href='?page_no=21951'>21951<\/a><\/li>\n\n\n\n<li><a href='?page_no=21952'>21952<\/a><\/li>\n\n\n\n<li class='active'><a>21953<\/a><\/li>\n\n\n\n<li><a href='?page_no=21954'>21954<\/a><\/li>\n\n\n\n<li><a href='?page_no=21955'>21955<\/a><\/li>\n\n\n\n<li><a>...<\/a><\/li>\n\n\n\n<li><a href='?page_no=22911'>22911<\/a><\/li>\n\n\n\n<li><a href='?page_no=22912'>22912<\/a><\/li>\n\n    \n\t\n\n<li >\n\t<a href='?page_no=21954'>Next<\/a>\n\t<\/li>\n\n\n    \n\n<li><a href='?page_no=22912'>Last &rsaquo;&rsaquo;<\/a><\/li>\n\n<\/ul>\n\n\n--><br \/>\n<\/body><\/p>\n","protected":false},"excerpt":{"rendered":"<p>Con el objetivo de hacer que el teatro contribuya al crecimiento y al estimulo de la creatividad de nuestros j\u00f3venes estudiantes, se est\u00e1 celebrando en nuestra ciudad el Tercer Festival Provincial de Teatro Escolar Santiago 2008. Auspiciado por la Oficina Senatorial de Santiago, la convocatoria de este Festival se enmarca dentro del plan de actuaci\u00f3n [&hellip;]<\/p>\n","protected":false},"author":3,"featured_media":0,"comment_status":"open","ping_status":"open","sticky":false,"template":"","format":"standard","meta":{"footnotes":""},"categories":[21],"tags":[],"class_list":["post-70275","post","type-post","status-publish","format-standard","hentry","category-cultura"],"_links":{"self":[{"href":"https:\/\/diariodominicano.com\/index.php?rest_route=\/wp\/v2\/posts\/70275","targetHints":{"allow":["GET"]}}],"collection":[{"href":"https:\/\/diariodominicano.com\/index.php?rest_route=\/wp\/v2\/posts"}],"about":[{"href":"https:\/\/diariodominicano.com\/index.php?rest_route=\/wp\/v2\/types\/post"}],"author":[{"embeddable":true,"href":"https:\/\/diariodominicano.com\/index.php?rest_route=\/wp\/v2\/users\/3"}],"replies":[{"embeddable":true,"href":"https:\/\/diariodominicano.com\/index.php?rest_route=%2Fwp%2Fv2%2Fcomments&post=70275"}],"version-history":[{"count":0,"href":"https:\/\/diariodominicano.com\/index.php?rest_route=\/wp\/v2\/posts\/70275\/revisions"}],"wp:attachment":[{"href":"https:\/\/diariodominicano.com\/index.php?rest_route=%2Fwp%2Fv2%2Fmedia&parent=70275"}],"wp:term":[{"taxonomy":"category","embeddable":true,"href":"https:\/\/diariodominicano.com\/index.php?rest_route=%2Fwp%2Fv2%2Fcategories&post=70275"},{"taxonomy":"post_tag","embeddable":true,"href":"https:\/\/diariodominicano.com\/index.php?rest_route=%2Fwp%2Fv2%2Ftags&post=70275"}],"curies":[{"name":"wp","href":"https:\/\/api.w.org\/{rel}","templated":true}]}}