{"id":70273,"date":"2009-03-10T18:49:11","date_gmt":"2009-03-10T18:49:11","guid":{"rendered":"http:\/\/diariodominicano.ddns.net\/?p=70273"},"modified":"2009-03-10T18:49:11","modified_gmt":"2009-03-10T18:49:11","slug":"destacan-aportes-de-bosch-a-la-democracia","status":"publish","type":"post","link":"https:\/\/diariodominicano.com\/?p=70273","title":{"rendered":"DESTACAN APORTES DE BOSCH A LA DEMOCRACIA."},"content":{"rendered":"<p><body><\/p>\n<p><img decoding=\"async\" src=\"img3\/bose.jpg\" \/>  <\/p>\n<p><span class=\"text1noticias\">El Sub-secretario de Estado de Educaci\u00f3n y miembro del Comit\u00e9 Central del Partido de La Liberaci\u00f3n Dominicana, licenciado Luis de Le\u00f3n, resalt\u00f3 los beneficios que dej\u00f3 a la democracia dominicana el Profesor Juan Bosch. <\/span><\/p>\n<\/p>\n<p><span class=\"text1noticias\">Durante una conferencia pronunciada por el funcionario educativo en el Sal\u00f3n de Actos de La Direcci\u00f3n General de Desarrollo de La Comunidad, organizada por el Departamento de Recursos Humanos de la ?DGDC-, Luis de Le\u00f3n indic\u00f3 que cuando el profesor Juan Bosch decidi\u00f3 ser un l\u00edder pol\u00edtico primero se convirti\u00f3 en un gran literato, haciendo sus primeras contribuciones al pa\u00eds en el campo de la literatura. <\/span><\/p>\n<\/p>\n<p><span class=\"text1noticias\">El dirigente peledeista hizo un recuento de la trayectoria pol\u00edtica y literaria del fundador del Partido de La Liberaci\u00f3n Dominicana, donde resalt\u00f3 su estad\u00eda en Puerto Rico, tiempos en que al Profesor Bosch le correspondi\u00f3 transcribir la obra completa del ilustre pensador boricua Eugenio Mar\u00eda de Hostos.<\/span><\/p>\n<\/p>\n<p><span class=\"text1noticias\">Luis de Le\u00f3n destac\u00f3 la influencia que tuvo en la vida pol\u00edtica del autor de Camino Real y La Ma\u00f1osa el pensamiento hostosiano, recordando que en una ocasi\u00f3n el profesor Juan Bosch expres\u00f3 que a partir de 1938 cuando conoci\u00f3 la obra de Hostos se convirti\u00f3 en una persona nueva. <\/span><\/p>\n<\/p>\n<p><span class=\"text1noticias\">Al concluir la conferencia titulada ?Aportes del Profesor Juan Bosch a La Democracia Dominicana?, Luis de Le\u00f3n entreg\u00f3 un retrato del escritor y pol\u00edtico al encargado de Recursos Humanos de la ?DGDC-, licenciado Leonardo Suero, quien agradeci\u00f3 la distinci\u00f3n en nombre del director general de la instituci\u00f3n, Luis Acosta Moreta, a quien defini\u00f3 como un admirador del Juan Bosch.<\/span><\/p>\n<\/p>\n<p><span class=\"text1noticias\">En sus palabras de  agradecimiento el licenciado Leonardo Suero propuso que el sal\u00f3n de actos de La Direcci\u00f3n General de Desarrollo de La Comunidad sea rotulado con el nombre del Profesor Juan Bosch, como una forma de honrar su historial pol\u00edtico en el Primer Centenario de su nacimiento.    <\/span><\/p>\n<h6> 2009-03-10 18:49:11 <\/h6>\n<p><!--\n<link rel=\"stylesheet\" href=\"css\/bootstrap.min.css\">\n\n\n<ul class=\"pagination\">\n\t    \n\t\n\n<li >\n\t<a href='?page_no=21950'>Previous<\/a>\n\t<\/li>\n\n\n       \n    \n\n<li><a href='?page_no=1'>1<\/a><\/li>\n\n\n\n<li><a href='?page_no=2'>2<\/a><\/li>\n\n\n\n<li><a>...<\/a><\/li>\n\n\n\n<li><a href='?page_no=21949'>21949<\/a><\/li>\n\n\n\n<li><a href='?page_no=21950'>21950<\/a><\/li>\n\n\n\n<li class='active'><a>21951<\/a><\/li>\n\n\n\n<li><a href='?page_no=21952'>21952<\/a><\/li>\n\n\n\n<li><a href='?page_no=21953'>21953<\/a><\/li>\n\n\n\n<li><a>...<\/a><\/li>\n\n\n\n<li><a href='?page_no=22911'>22911<\/a><\/li>\n\n\n\n<li><a href='?page_no=22912'>22912<\/a><\/li>\n\n    \n\t\n\n<li >\n\t<a href='?page_no=21952'>Next<\/a>\n\t<\/li>\n\n\n    \n\n<li><a href='?page_no=22912'>Last &rsaquo;&rsaquo;<\/a><\/li>\n\n<\/ul>\n\n\n--><br \/>\n<\/body><\/p>\n","protected":false},"excerpt":{"rendered":"<p>El Sub-secretario de Estado de Educaci\u00f3n y miembro del Comit\u00e9 Central del Partido de La Liberaci\u00f3n Dominicana, licenciado Luis de Le\u00f3n, resalt\u00f3 los beneficios que dej\u00f3 a la democracia dominicana el Profesor Juan Bosch. Durante una conferencia pronunciada por el funcionario educativo en el Sal\u00f3n de Actos de La Direcci\u00f3n General de Desarrollo de La [&hellip;]<\/p>\n","protected":false},"author":3,"featured_media":0,"comment_status":"open","ping_status":"open","sticky":false,"template":"","format":"standard","meta":{"footnotes":""},"categories":[21],"tags":[],"class_list":["post-70273","post","type-post","status-publish","format-standard","hentry","category-cultura"],"_links":{"self":[{"href":"https:\/\/diariodominicano.com\/index.php?rest_route=\/wp\/v2\/posts\/70273","targetHints":{"allow":["GET"]}}],"collection":[{"href":"https:\/\/diariodominicano.com\/index.php?rest_route=\/wp\/v2\/posts"}],"about":[{"href":"https:\/\/diariodominicano.com\/index.php?rest_route=\/wp\/v2\/types\/post"}],"author":[{"embeddable":true,"href":"https:\/\/diariodominicano.com\/index.php?rest_route=\/wp\/v2\/users\/3"}],"replies":[{"embeddable":true,"href":"https:\/\/diariodominicano.com\/index.php?rest_route=%2Fwp%2Fv2%2Fcomments&post=70273"}],"version-history":[{"count":0,"href":"https:\/\/diariodominicano.com\/index.php?rest_route=\/wp\/v2\/posts\/70273\/revisions"}],"wp:attachment":[{"href":"https:\/\/diariodominicano.com\/index.php?rest_route=%2Fwp%2Fv2%2Fmedia&parent=70273"}],"wp:term":[{"taxonomy":"category","embeddable":true,"href":"https:\/\/diariodominicano.com\/index.php?rest_route=%2Fwp%2Fv2%2Fcategories&post=70273"},{"taxonomy":"post_tag","embeddable":true,"href":"https:\/\/diariodominicano.com\/index.php?rest_route=%2Fwp%2Fv2%2Ftags&post=70273"}],"curies":[{"name":"wp","href":"https:\/\/api.w.org\/{rel}","templated":true}]}}