{"id":70271,"date":"2009-03-10T20:08:49","date_gmt":"2009-03-10T20:08:49","guid":{"rendered":"http:\/\/diariodominicano.ddns.net\/?p=70271"},"modified":"2009-03-10T20:08:49","modified_gmt":"2009-03-10T20:08:49","slug":"altas-espectativas-concierto-miercoles-con-phillippe-entremont","status":"publish","type":"post","link":"https:\/\/diariodominicano.com\/?p=70271","title":{"rendered":"ALTAS ESPECTATIVAS CONCIERTO MIERCOLES CON PHILLIPPE ENTREMONT"},"content":{"rendered":"<p><body><\/p>\n<p><img decoding=\"async\" src=\"http:\/\/localhost:8080\/img3\/sinfoz.jpg\" \/>  <\/p>\n<p><span class=\"text1noticias\">El cuarto concierto de la VII entrega del Festival Musical de Santo Domingo se realizar\u00e1 el d\u00eda 11de marzo a las 8:00 P. M. en la Sala Eduardo Brito del Teatro Nacional.<\/span><\/p>\n<\/p>\n<p><span class=\"text1noticias\">En esta ocasi\u00f3n se dirigir\u00e1 el Maestro Philippe Entremont, y lo har\u00e1 desde el piano. El programa de la noche ser\u00e1 ?Todo Beethoven?, con la Obertura de Prometeo, el Concierto no. 5 para piano y orquesta y la Sinfon\u00eda no. 7.<\/span><\/p>\n<\/p>\n<p><span class=\"text1noticias\">Esta es la segunda vez que el veterano Director, fundador del bienal Festival Musical de Santo Domingo,  realizar\u00e1  la direcci\u00f3n desde el piano y, al igual que la primera vez, su interpretaci\u00f3n dej\u00f3 fascinada a la audiencia ah\u00ed reunida, en una noche calificada por todos como espectacular.  <\/span><\/p>\n<h6> 2009-03-10 20:08:49 <\/h6>\n<p><!--\n<link rel=\"stylesheet\" href=\"css\/bootstrap.min.css\">\n\n\n<ul class=\"pagination\">\n\t    \n\t\n\n<li >\n\t<a href='?page_no=21948'>Previous<\/a>\n\t<\/li>\n\n\n       \n    \n\n<li><a href='?page_no=1'>1<\/a><\/li>\n\n\n\n<li><a href='?page_no=2'>2<\/a><\/li>\n\n\n\n<li><a>...<\/a><\/li>\n\n\n\n<li><a href='?page_no=21947'>21947<\/a><\/li>\n\n\n\n<li><a href='?page_no=21948'>21948<\/a><\/li>\n\n\n\n<li class='active'><a>21949<\/a><\/li>\n\n\n\n<li><a href='?page_no=21950'>21950<\/a><\/li>\n\n\n\n<li><a href='?page_no=21951'>21951<\/a><\/li>\n\n\n\n<li><a>...<\/a><\/li>\n\n\n\n<li><a href='?page_no=22911'>22911<\/a><\/li>\n\n\n\n<li><a href='?page_no=22912'>22912<\/a><\/li>\n\n    \n\t\n\n<li >\n\t<a href='?page_no=21950'>Next<\/a>\n\t<\/li>\n\n\n    \n\n<li><a href='?page_no=22912'>Last &rsaquo;&rsaquo;<\/a><\/li>\n\n<\/ul>\n\n\n--><br \/>\n<\/body><\/p>\n","protected":false},"excerpt":{"rendered":"<p>El cuarto concierto de la VII entrega del Festival Musical de Santo Domingo se realizar\u00e1 el d\u00eda 11de marzo a las 8:00 P. M. en la Sala Eduardo Brito del Teatro Nacional. En esta ocasi\u00f3n se dirigir\u00e1 el Maestro Philippe Entremont, y lo har\u00e1 desde el piano. El programa de la noche ser\u00e1 ?Todo Beethoven?, [&hellip;]<\/p>\n","protected":false},"author":3,"featured_media":0,"comment_status":"open","ping_status":"open","sticky":false,"template":"","format":"standard","meta":{"footnotes":""},"categories":[21],"tags":[],"class_list":["post-70271","post","type-post","status-publish","format-standard","hentry","category-cultura"],"_links":{"self":[{"href":"https:\/\/diariodominicano.com\/index.php?rest_route=\/wp\/v2\/posts\/70271","targetHints":{"allow":["GET"]}}],"collection":[{"href":"https:\/\/diariodominicano.com\/index.php?rest_route=\/wp\/v2\/posts"}],"about":[{"href":"https:\/\/diariodominicano.com\/index.php?rest_route=\/wp\/v2\/types\/post"}],"author":[{"embeddable":true,"href":"https:\/\/diariodominicano.com\/index.php?rest_route=\/wp\/v2\/users\/3"}],"replies":[{"embeddable":true,"href":"https:\/\/diariodominicano.com\/index.php?rest_route=%2Fwp%2Fv2%2Fcomments&post=70271"}],"version-history":[{"count":0,"href":"https:\/\/diariodominicano.com\/index.php?rest_route=\/wp\/v2\/posts\/70271\/revisions"}],"wp:attachment":[{"href":"https:\/\/diariodominicano.com\/index.php?rest_route=%2Fwp%2Fv2%2Fmedia&parent=70271"}],"wp:term":[{"taxonomy":"category","embeddable":true,"href":"https:\/\/diariodominicano.com\/index.php?rest_route=%2Fwp%2Fv2%2Fcategories&post=70271"},{"taxonomy":"post_tag","embeddable":true,"href":"https:\/\/diariodominicano.com\/index.php?rest_route=%2Fwp%2Fv2%2Ftags&post=70271"}],"curies":[{"name":"wp","href":"https:\/\/api.w.org\/{rel}","templated":true}]}}