{"id":70269,"date":"2009-03-10T21:18:52","date_gmt":"2009-03-10T21:18:52","guid":{"rendered":"http:\/\/diariodominicano.ddns.net\/?p=70269"},"modified":"2009-03-10T21:18:52","modified_gmt":"2009-03-10T21:18:52","slug":"antonio-guadalupe-a-la-presidencia-del-codap-con-la-plancha-accion-total","status":"publish","type":"post","link":"https:\/\/diariodominicano.com\/?p=70269","title":{"rendered":"Antonio Guadalupe a la presidencia del CODAP con la plancha ?Acci\u00f3n Total?&#13;"},"content":{"rendered":"<p><body><\/p>\n<p><img decoding=\"async\" src=\"http:\/\/localhost:8080\/img3\/coda.jpg\" \/>  <\/p>\n<p><span class=\"text1noticias\">El reconocido maestro de la pl\u00e1stica nacional, Antonio Guadalupe es el candidato que encabeza la plancha ?Acci\u00f3n Total? en la pr\u00f3xima contienda electoral del Colegio Dominicano de Artistas Pl\u00e1sticos (CODAP), a celebrarse el S\u00e1bado 28 del presente mes de marzo.<\/span><\/p>\n<\/p>\n<p><span class=\"text1noticias\">La plancha que tiene el slogan ?Con tu voto, s\u00famate al triunfo? est\u00e1 integrada por: Antonio Guadalupe (presidente), Kirsys Angeles (vice-presidente), Hilario Olivo (secretario general), Freddy Javier (secretario de organizaci\u00f3n) y Mil\u00e1n Suero (secretaria de acta y correspondencia).<\/span><\/p>\n<\/p>\n<p><span class=\"text1noticias\">Tambi\u00e9n, Mart\u00edn Santos (Secretario de Finanzas), Vladimir Vel\u00e1squez (secretario de prensa),Genaro Philips (primer vocal), Lizett Mej\u00eda (segunda vocal), Rosa Tav\u00e1rez , Leonardo Dur\u00e1n y Juan King (todos suplentes  vocales).<\/span><\/p>\n<\/p>\n<p><span class=\"text1noticias\">PROPUESTA DE LA PLANCHA  ?ACCION TOTAL?<\/span><\/p>\n<\/p>\n<p><span class=\"text1noticias\">A)\tRealizaci\u00f3n de talleres para los artistas. B) Creaci\u00f3n de la plaza del artista. C) establecer acuerdo entre el CODAP y la Canciller\u00eda para capacitaci\u00f3n en la Escuela Diplom\u00e1tica para funcionarios culturales. D) Ampliar la incidencia del CODAP en la formaci\u00f3n e implementaci\u00f3n de las pol\u00edticas culturales. E) promover el arte joven con un concurso anual organizado por la instituci\u00f3n. F)Continuaci\u00f3n del proceso de crear filiales en todas las provincias del pa\u00eds. G) Remodelaci\u00f3n del local del CODAP. <\/span><\/p>\n<\/p>\n<p><span class=\"text1noticias\">COLECTIVA ?POR LA VICTORIA)<\/span><\/p>\n<p><span class=\"text1noticias\">Como parte de las acciones de campa\u00f1a presentar\u00e1 una colectiva de artistas que apoyan la plancha, a inaugurarse el pr\u00f3ximo jueves 12 de marzo, a las 7:00 de la noche, en  el local del Centro de Campa\u00f1a, ubicado en la 19 de marzo, entre las calles El Conde y la Noel de la Zona Colonial.  <\/span><\/p>\n<h6> 2009-03-10 21:18:52 <\/h6>\n<p><!--\n<link rel=\"stylesheet\" href=\"css\/bootstrap.min.css\">\n\n\n<ul class=\"pagination\">\n\t    \n\t\n\n<li >\n\t<a href='?page_no=21946'>Previous<\/a>\n\t<\/li>\n\n\n       \n    \n\n<li><a href='?page_no=1'>1<\/a><\/li>\n\n\n\n<li><a href='?page_no=2'>2<\/a><\/li>\n\n\n\n<li><a>...<\/a><\/li>\n\n\n\n<li><a href='?page_no=21945'>21945<\/a><\/li>\n\n\n\n<li><a href='?page_no=21946'>21946<\/a><\/li>\n\n\n\n<li class='active'><a>21947<\/a><\/li>\n\n\n\n<li><a href='?page_no=21948'>21948<\/a><\/li>\n\n\n\n<li><a href='?page_no=21949'>21949<\/a><\/li>\n\n\n\n<li><a>...<\/a><\/li>\n\n\n\n<li><a href='?page_no=22911'>22911<\/a><\/li>\n\n\n\n<li><a href='?page_no=22912'>22912<\/a><\/li>\n\n    \n\t\n\n<li >\n\t<a href='?page_no=21948'>Next<\/a>\n\t<\/li>\n\n\n    \n\n<li><a href='?page_no=22912'>Last &rsaquo;&rsaquo;<\/a><\/li>\n\n<\/ul>\n\n\n--><br \/>\n<\/body><\/p>\n","protected":false},"excerpt":{"rendered":"<p>El reconocido maestro de la pl\u00e1stica nacional, Antonio Guadalupe es el candidato que encabeza la plancha ?Acci\u00f3n Total? en la pr\u00f3xima contienda electoral del Colegio Dominicano de Artistas Pl\u00e1sticos (CODAP), a celebrarse el S\u00e1bado 28 del presente mes de marzo. La plancha que tiene el slogan ?Con tu voto, s\u00famate al triunfo? est\u00e1 integrada por: [&hellip;]<\/p>\n","protected":false},"author":3,"featured_media":0,"comment_status":"open","ping_status":"open","sticky":false,"template":"","format":"standard","meta":{"footnotes":""},"categories":[21],"tags":[],"class_list":["post-70269","post","type-post","status-publish","format-standard","hentry","category-cultura"],"_links":{"self":[{"href":"https:\/\/diariodominicano.com\/index.php?rest_route=\/wp\/v2\/posts\/70269","targetHints":{"allow":["GET"]}}],"collection":[{"href":"https:\/\/diariodominicano.com\/index.php?rest_route=\/wp\/v2\/posts"}],"about":[{"href":"https:\/\/diariodominicano.com\/index.php?rest_route=\/wp\/v2\/types\/post"}],"author":[{"embeddable":true,"href":"https:\/\/diariodominicano.com\/index.php?rest_route=\/wp\/v2\/users\/3"}],"replies":[{"embeddable":true,"href":"https:\/\/diariodominicano.com\/index.php?rest_route=%2Fwp%2Fv2%2Fcomments&post=70269"}],"version-history":[{"count":0,"href":"https:\/\/diariodominicano.com\/index.php?rest_route=\/wp\/v2\/posts\/70269\/revisions"}],"wp:attachment":[{"href":"https:\/\/diariodominicano.com\/index.php?rest_route=%2Fwp%2Fv2%2Fmedia&parent=70269"}],"wp:term":[{"taxonomy":"category","embeddable":true,"href":"https:\/\/diariodominicano.com\/index.php?rest_route=%2Fwp%2Fv2%2Fcategories&post=70269"},{"taxonomy":"post_tag","embeddable":true,"href":"https:\/\/diariodominicano.com\/index.php?rest_route=%2Fwp%2Fv2%2Ftags&post=70269"}],"curies":[{"name":"wp","href":"https:\/\/api.w.org\/{rel}","templated":true}]}}