{"id":70268,"date":"2009-03-10T21:20:30","date_gmt":"2009-03-10T21:20:30","guid":{"rendered":"http:\/\/diariodominicano.ddns.net\/?p=70268"},"modified":"2009-03-10T21:20:30","modified_gmt":"2009-03-10T21:20:30","slug":"lenny-abreu-canta-a-serrat","status":"publish","type":"post","link":"https:\/\/diariodominicano.com\/?p=70268","title":{"rendered":"LENNY ABREU CANTA A SERRAT"},"content":{"rendered":"<p><body><\/p>\n<p><img decoding=\"async\" src=\"http:\/\/localhost:8080\/img3\/lenis.jpg\" \/>  <\/p>\n<p><span class=\"text1noticias\">Santo Domingo._ El cantautor dominicano LENNY ABREU presentar\u00e1 el pr\u00f3ximo viernes 13 de marzo en el Palacio de Bellas Artes un concierto donde rendir\u00e1 tributo a Joan Manuel Serrat.<\/span><\/p>\n<p><span class=\"text1noticias\"> <\/span><\/p>\n<p><span class=\"text1noticias\">LENNY, quien est\u00e1 en proceso de grabaci\u00f3n de su primer disco, prepara el homenaje a Serrat considerando los aportes que el cantautor catal\u00e1n ha hecho a la m\u00fasica hispana y mundial y al enriquecimiento po\u00e9tico en la l\u00edrica de la canci\u00f3n de autor.<\/span><\/p>\n<p><span class=\"text1noticias\"> <\/span><\/p>\n<p><span class=\"text1noticias\">Este viene a ser el tercer homenaje que realiza el cantautor dominicano a sus \u00eddolos de siempre; el primero lo realiz\u00f3 en Casa de Teatro, al cantautor cubano Silvio Rodr\u00edguez y el segundo en la Sala Manuel Rueda del recinto del Conservatorio Nacional de M\u00fasica y fue dedicado al espa\u00f1ol Joaqu\u00edn Sabina. En este \u00faltimo tuvo una destacada participaci\u00f3n el merenguero Pe\u00f1a Suazo, quien se alz\u00f3 con el favor del p\u00fablico por su interpretaci\u00f3n de la canci\u00f3n ?Como un explorador?.<\/span><\/p>\n<p><span class=\"text1noticias\"> <\/span><\/p>\n<p><span class=\"text1noticias\">En esta ocasi\u00f3n LENNY contar\u00e1 con el apoyo de sus amigos artistas en este prop\u00f3sito.<\/span><\/p>\n<p><span class=\"text1noticias\"> <\/span><\/p>\n<p><span class=\"text1noticias\">Con el estar\u00e1n rindi\u00e9ndole homenaje a Serrat artistas como V\u00edctor V\u00edctor, Patricia Pereyra, Jos\u00e9 Antonio Rodr\u00edguez, Marel Alemany, Janio Lora, Elsa Liranzo, Manuel Jim\u00e9nez, Carlos Luis, Yuy\u00fa Ram\u00edrez los merengueros Rafa Rosario y Pe\u00f1a Suazo y el puertorrique\u00f1o Danny Rivera, entre otros.<\/span><\/p>\n<p><span class=\"text1noticias\"> <\/span><\/p>\n<p><span class=\"text1noticias\">Los boletos ya est\u00e1n a la venta en la boleter\u00eda de Bellas Artes.<\/span><\/p>\n<p><span class=\"text1noticias\"> <\/span><\/p>\n<p><span class=\"text1noticias\">LENNY ABREU CANTA A SERRAT <\/span><\/p>\n<p><span class=\"text1noticias\">Los boletos est\u00e1n a la venta desde \u00e9ste lunes en la boleter\u00eda de Bellas Artes.  <\/span><\/p>\n<p><span class=\"text1noticias\">M\u00e1s informaci\u00f3n: Alexis Casado<\/span><\/p>\n<p><span class=\"text1noticias\">Av. Tiradente #14, Suite 302<\/span><\/p>\n<p><span class=\"text1noticias\">              809.549.4297       . Of.<\/span><\/p>\n<p><span class=\"text1noticias\">              809.562.9117       . Fax.<\/span><\/p>\n<p><span class=\"text1noticias\">809.889.5953. Cell. <\/span><\/p>\n<h6> 2009-03-10 21:20:30 <\/h6>\n<p><!--\n<link rel=\"stylesheet\" href=\"css\/bootstrap.min.css\">\n\n\n<ul class=\"pagination\">\n\t    \n\t\n\n<li >\n\t<a href='?page_no=21945'>Previous<\/a>\n\t<\/li>\n\n\n       \n    \n\n<li><a href='?page_no=1'>1<\/a><\/li>\n\n\n\n<li><a href='?page_no=2'>2<\/a><\/li>\n\n\n\n<li><a>...<\/a><\/li>\n\n\n\n<li><a href='?page_no=21944'>21944<\/a><\/li>\n\n\n\n<li><a href='?page_no=21945'>21945<\/a><\/li>\n\n\n\n<li class='active'><a>21946<\/a><\/li>\n\n\n\n<li><a href='?page_no=21947'>21947<\/a><\/li>\n\n\n\n<li><a href='?page_no=21948'>21948<\/a><\/li>\n\n\n\n<li><a>...<\/a><\/li>\n\n\n\n<li><a href='?page_no=22911'>22911<\/a><\/li>\n\n\n\n<li><a href='?page_no=22912'>22912<\/a><\/li>\n\n    \n\t\n\n<li >\n\t<a href='?page_no=21947'>Next<\/a>\n\t<\/li>\n\n\n    \n\n<li><a href='?page_no=22912'>Last &rsaquo;&rsaquo;<\/a><\/li>\n\n<\/ul>\n\n\n--><br \/>\n<\/body><\/p>\n","protected":false},"excerpt":{"rendered":"<p>Santo Domingo._ El cantautor dominicano LENNY ABREU presentar\u00e1 el pr\u00f3ximo viernes 13 de marzo en el Palacio de Bellas Artes un concierto donde rendir\u00e1 tributo a Joan Manuel Serrat. LENNY, quien est\u00e1 en proceso de grabaci\u00f3n de su primer disco, prepara el homenaje a Serrat considerando los aportes que el cantautor catal\u00e1n ha hecho a [&hellip;]<\/p>\n","protected":false},"author":3,"featured_media":0,"comment_status":"open","ping_status":"open","sticky":false,"template":"","format":"standard","meta":{"footnotes":""},"categories":[21],"tags":[],"class_list":["post-70268","post","type-post","status-publish","format-standard","hentry","category-cultura"],"_links":{"self":[{"href":"https:\/\/diariodominicano.com\/index.php?rest_route=\/wp\/v2\/posts\/70268","targetHints":{"allow":["GET"]}}],"collection":[{"href":"https:\/\/diariodominicano.com\/index.php?rest_route=\/wp\/v2\/posts"}],"about":[{"href":"https:\/\/diariodominicano.com\/index.php?rest_route=\/wp\/v2\/types\/post"}],"author":[{"embeddable":true,"href":"https:\/\/diariodominicano.com\/index.php?rest_route=\/wp\/v2\/users\/3"}],"replies":[{"embeddable":true,"href":"https:\/\/diariodominicano.com\/index.php?rest_route=%2Fwp%2Fv2%2Fcomments&post=70268"}],"version-history":[{"count":0,"href":"https:\/\/diariodominicano.com\/index.php?rest_route=\/wp\/v2\/posts\/70268\/revisions"}],"wp:attachment":[{"href":"https:\/\/diariodominicano.com\/index.php?rest_route=%2Fwp%2Fv2%2Fmedia&parent=70268"}],"wp:term":[{"taxonomy":"category","embeddable":true,"href":"https:\/\/diariodominicano.com\/index.php?rest_route=%2Fwp%2Fv2%2Fcategories&post=70268"},{"taxonomy":"post_tag","embeddable":true,"href":"https:\/\/diariodominicano.com\/index.php?rest_route=%2Fwp%2Fv2%2Ftags&post=70268"}],"curies":[{"name":"wp","href":"https:\/\/api.w.org\/{rel}","templated":true}]}}