{"id":70267,"date":"2009-03-10T22:21:10","date_gmt":"2009-03-10T22:21:10","guid":{"rendered":"http:\/\/diariodominicano.ddns.net\/?p=70267"},"modified":"2009-03-10T22:21:10","modified_gmt":"2009-03-10T22:21:10","slug":"juristas-uasd-analizan-impacto-propuesta-reforma-constitucional-en-sistema-judicial","status":"publish","type":"post","link":"https:\/\/diariodominicano.com\/?p=70267","title":{"rendered":"Juristas UASD Analizan Impacto Propuesta Reforma Constitucional en  Sistema Judicial"},"content":{"rendered":"<p><body><\/p>\n<p><img decoding=\"async\" src=\"http:\/\/localhost:8080\/img3\/jurez.jpg\" \/>  <\/p>\n<p><span class=\"text1noticias\">El Director de la Escuela de Ciencias Jur\u00eddicas y Pol\u00edticas de la Universidad Aut\u00f3noma de Santo Domingo, doctor Freddy \u00c1ngel Castro, calific\u00f3 la propuesta del proyecto de Reforma Constitucional de ?innovadora, creativa y democratizadora?, que ayudar\u00e1 al sistema judicial del pa\u00eds. <\/span><\/p>\n<\/p>\n<p><span class=\"text1noticias\">Estas declaraciones fueron realizadas por Castro en el marco de la celebraci\u00f3n del panel: ?Impacto de la Reforma Constitucional en el Poder Judicial?, realizado por la Facultad de Ciencias Jur\u00eddicas y Pol\u00edticas de la UASD, en la Biblioteca Pedro Mir.<\/span><\/p>\n<\/p>\n<p><span class=\"text1noticias\">Sin embargo, el jurista hizo varios se\u00f1alamientos sobre diversos puntos de esta reforma que a su consideraci\u00f3n son ?err\u00f3neos? y present\u00f3 varias sugerencias entre las que se encuentran la necesidad de reducci\u00f3n de la cantidad de los jueces, ya que en Am\u00e9rica Latina hay procesos que se administran s\u00f3lo con 3 y 5 magistrados. <\/span><\/p>\n<\/p>\n<p><span class=\"text1noticias\">En el acto tambi\u00e9n participaron los abogados Feliz M. Sosa y Nascer Perdomo. Este \u00faltimo al hablar sobre el tema se\u00f1al\u00f3 que dicha propuesta de aprobarse ser\u00eda devastadora para el Poder Judicial, aunque dijo que en algunos aspectos es positivo.<\/span><\/p>\n<\/p>\n<p><span class=\"text1noticias\">Este evento estuvo encabezado por el Decano de la Facultad de Ciencias Jur\u00eddicas y Pol\u00edticas, doctor Santo Ynocencio Mercedes, quien dio la bienvenida a los presentes y se\u00f1al\u00f3 que los debates sobre este tema son de vital importancia en los momentos actuales.<\/span><\/p>\n<h6> 2009-03-10 22:21:10 <\/h6>\n<p><!--\n<link rel=\"stylesheet\" href=\"css\/bootstrap.min.css\">\n\n\n<ul class=\"pagination\">\n\t    \n\t\n\n<li >\n\t<a href='?page_no=21944'>Previous<\/a>\n\t<\/li>\n\n\n       \n    \n\n<li><a href='?page_no=1'>1<\/a><\/li>\n\n\n\n<li><a href='?page_no=2'>2<\/a><\/li>\n\n\n\n<li><a>...<\/a><\/li>\n\n\n\n<li><a href='?page_no=21943'>21943<\/a><\/li>\n\n\n\n<li><a href='?page_no=21944'>21944<\/a><\/li>\n\n\n\n<li class='active'><a>21945<\/a><\/li>\n\n\n\n<li><a href='?page_no=21946'>21946<\/a><\/li>\n\n\n\n<li><a href='?page_no=21947'>21947<\/a><\/li>\n\n\n\n<li><a>...<\/a><\/li>\n\n\n\n<li><a href='?page_no=22911'>22911<\/a><\/li>\n\n\n\n<li><a href='?page_no=22912'>22912<\/a><\/li>\n\n    \n\t\n\n<li >\n\t<a href='?page_no=21946'>Next<\/a>\n\t<\/li>\n\n\n    \n\n<li><a href='?page_no=22912'>Last &rsaquo;&rsaquo;<\/a><\/li>\n\n<\/ul>\n\n\n--><br \/>\n<\/body><\/p>\n","protected":false},"excerpt":{"rendered":"<p>El Director de la Escuela de Ciencias Jur\u00eddicas y Pol\u00edticas de la Universidad Aut\u00f3noma de Santo Domingo, doctor Freddy \u00c1ngel Castro, calific\u00f3 la propuesta del proyecto de Reforma Constitucional de ?innovadora, creativa y democratizadora?, que ayudar\u00e1 al sistema judicial del pa\u00eds. Estas declaraciones fueron realizadas por Castro en el marco de la celebraci\u00f3n del panel: [&hellip;]<\/p>\n","protected":false},"author":3,"featured_media":0,"comment_status":"open","ping_status":"open","sticky":false,"template":"","format":"standard","meta":{"footnotes":""},"categories":[21],"tags":[],"class_list":["post-70267","post","type-post","status-publish","format-standard","hentry","category-cultura"],"_links":{"self":[{"href":"https:\/\/diariodominicano.com\/index.php?rest_route=\/wp\/v2\/posts\/70267","targetHints":{"allow":["GET"]}}],"collection":[{"href":"https:\/\/diariodominicano.com\/index.php?rest_route=\/wp\/v2\/posts"}],"about":[{"href":"https:\/\/diariodominicano.com\/index.php?rest_route=\/wp\/v2\/types\/post"}],"author":[{"embeddable":true,"href":"https:\/\/diariodominicano.com\/index.php?rest_route=\/wp\/v2\/users\/3"}],"replies":[{"embeddable":true,"href":"https:\/\/diariodominicano.com\/index.php?rest_route=%2Fwp%2Fv2%2Fcomments&post=70267"}],"version-history":[{"count":0,"href":"https:\/\/diariodominicano.com\/index.php?rest_route=\/wp\/v2\/posts\/70267\/revisions"}],"wp:attachment":[{"href":"https:\/\/diariodominicano.com\/index.php?rest_route=%2Fwp%2Fv2%2Fmedia&parent=70267"}],"wp:term":[{"taxonomy":"category","embeddable":true,"href":"https:\/\/diariodominicano.com\/index.php?rest_route=%2Fwp%2Fv2%2Fcategories&post=70267"},{"taxonomy":"post_tag","embeddable":true,"href":"https:\/\/diariodominicano.com\/index.php?rest_route=%2Fwp%2Fv2%2Ftags&post=70267"}],"curies":[{"name":"wp","href":"https:\/\/api.w.org\/{rel}","templated":true}]}}