{"id":70266,"date":"2009-03-10T22:23:35","date_gmt":"2009-03-10T22:23:35","guid":{"rendered":"http:\/\/diariodominicano.ddns.net\/?p=70266"},"modified":"2009-03-10T22:23:35","modified_gmt":"2009-03-10T22:23:35","slug":"concejal-nueva-york-dicta-conferencia-en-la-uasd","status":"publish","type":"post","link":"https:\/\/diariodominicano.com\/?p=70266","title":{"rendered":"Concejal Nueva York  Dicta Conferencia en la UASD"},"content":{"rendered":"<p><body><\/p>\n<p><img decoding=\"async\" src=\"http:\/\/localhost:8080\/img3\/concel.jpg\" \/>  <\/p>\n<p><span class=\"text1noticias\">Con los auspicios de la Escuela de Pedagog\u00eda de la Universidad Aut\u00f3noma de Santo Domingo el concejal de la ciudad de Nueva York, Robert Jackson, ofreci\u00f3 la conferencia ?Superando desaf\u00edos en b\u00fasqueda de cambios reformativos en la educaci\u00f3n?.<\/span><\/p>\n<\/p>\n<p><span class=\"text1noticias\">En su disertaci\u00f3n, realizada en la Biblioteca Pedro Mir, el concejal Jackson hizo un recuento de su labor para obtener el cargo de concejal y su empe\u00f1o en cuanto a mejorar la educaci\u00f3n de cientos de ni\u00f1os, en su mayor\u00eda dominicanos, logrando con ello una distribuci\u00f3n m\u00e1s equitativa de los fondos para las escuelas de Nueva York.<\/span><\/p>\n<\/p>\n<p><span class=\"text1noticias\">El conferencista es presidente del Comit\u00e9 de Educaci\u00f3n, Co-presidente del Cauco Afro-Americano, Latino y Asi\u00e1tico, y es miembro de los Comit\u00e9s de Contratos, Finanzas, Viviendas y Edificios de  dicha ciudad, entre otras funciones.  <\/span><\/p>\n<\/p>\n<p><span class=\"text1noticias\">El acto estuvo encabezado por el Director de la Escuela de Pedagog\u00eda de la Facultad de Humanidades, profesor V\u00edctor Encarnaci\u00f3n, quien explic\u00f3 que la actividad forma parte del programa de intercambios de la UASD con instituciones de educaci\u00f3n de la ciudad de Nueva York.<\/span><\/p>\n<\/p>\n<p><span class=\"text1noticias\">Encarnaci\u00f3n signific\u00f3 que gracias a este programa muchos maestros de la UASD han realizado con \u00e9xito programas educativos en los Estados Unidos, y agreg\u00f3 que ?el tema de la educaci\u00f3n es de virtual importancia ya que el sistema educativo en todas partes, por diversas razones, est\u00e1 en crisis?.<\/span><\/p>\n<h6> 2009-03-10 22:23:35 <\/h6>\n<p><!--\n<link rel=\"stylesheet\" href=\"css\/bootstrap.min.css\">\n\n\n<ul class=\"pagination\">\n\t    \n\t\n\n<li >\n\t<a href='?page_no=21943'>Previous<\/a>\n\t<\/li>\n\n\n       \n    \n\n<li><a href='?page_no=1'>1<\/a><\/li>\n\n\n\n<li><a href='?page_no=2'>2<\/a><\/li>\n\n\n\n<li><a>...<\/a><\/li>\n\n\n\n<li><a href='?page_no=21942'>21942<\/a><\/li>\n\n\n\n<li><a href='?page_no=21943'>21943<\/a><\/li>\n\n\n\n<li class='active'><a>21944<\/a><\/li>\n\n\n\n<li><a href='?page_no=21945'>21945<\/a><\/li>\n\n\n\n<li><a href='?page_no=21946'>21946<\/a><\/li>\n\n\n\n<li><a>...<\/a><\/li>\n\n\n\n<li><a href='?page_no=22911'>22911<\/a><\/li>\n\n\n\n<li><a href='?page_no=22912'>22912<\/a><\/li>\n\n    \n\t\n\n<li >\n\t<a href='?page_no=21945'>Next<\/a>\n\t<\/li>\n\n\n    \n\n<li><a href='?page_no=22912'>Last &rsaquo;&rsaquo;<\/a><\/li>\n\n<\/ul>\n\n\n--><br \/>\n<\/body><\/p>\n","protected":false},"excerpt":{"rendered":"<p>Con los auspicios de la Escuela de Pedagog\u00eda de la Universidad Aut\u00f3noma de Santo Domingo el concejal de la ciudad de Nueva York, Robert Jackson, ofreci\u00f3 la conferencia ?Superando desaf\u00edos en b\u00fasqueda de cambios reformativos en la educaci\u00f3n?. En su disertaci\u00f3n, realizada en la Biblioteca Pedro Mir, el concejal Jackson hizo un recuento de su [&hellip;]<\/p>\n","protected":false},"author":3,"featured_media":0,"comment_status":"open","ping_status":"open","sticky":false,"template":"","format":"standard","meta":{"footnotes":""},"categories":[21],"tags":[],"class_list":["post-70266","post","type-post","status-publish","format-standard","hentry","category-cultura"],"_links":{"self":[{"href":"https:\/\/diariodominicano.com\/index.php?rest_route=\/wp\/v2\/posts\/70266","targetHints":{"allow":["GET"]}}],"collection":[{"href":"https:\/\/diariodominicano.com\/index.php?rest_route=\/wp\/v2\/posts"}],"about":[{"href":"https:\/\/diariodominicano.com\/index.php?rest_route=\/wp\/v2\/types\/post"}],"author":[{"embeddable":true,"href":"https:\/\/diariodominicano.com\/index.php?rest_route=\/wp\/v2\/users\/3"}],"replies":[{"embeddable":true,"href":"https:\/\/diariodominicano.com\/index.php?rest_route=%2Fwp%2Fv2%2Fcomments&post=70266"}],"version-history":[{"count":0,"href":"https:\/\/diariodominicano.com\/index.php?rest_route=\/wp\/v2\/posts\/70266\/revisions"}],"wp:attachment":[{"href":"https:\/\/diariodominicano.com\/index.php?rest_route=%2Fwp%2Fv2%2Fmedia&parent=70266"}],"wp:term":[{"taxonomy":"category","embeddable":true,"href":"https:\/\/diariodominicano.com\/index.php?rest_route=%2Fwp%2Fv2%2Fcategories&post=70266"},{"taxonomy":"post_tag","embeddable":true,"href":"https:\/\/diariodominicano.com\/index.php?rest_route=%2Fwp%2Fv2%2Ftags&post=70266"}],"curies":[{"name":"wp","href":"https:\/\/api.w.org\/{rel}","templated":true}]}}