{"id":70264,"date":"2009-03-11T14:38:15","date_gmt":"2009-03-11T14:38:15","guid":{"rendered":"http:\/\/diariodominicano.ddns.net\/?p=70264"},"modified":"2009-03-11T14:38:15","modified_gmt":"2009-03-11T14:38:15","slug":"santo-domingo-republica-dominicana-elegida-capital-americana-de-la-cultura-2010","status":"publish","type":"post","link":"https:\/\/diariodominicano.com\/?p=70264","title":{"rendered":"Santo Domingo (Rep\u00fablica Dominicana) elegida Capital Americana de la Cultura 2010"},"content":{"rendered":"<p><body><\/p>\n<p><img decoding=\"async\" src=\"http:\/\/localhost:8080\/img3\/kultu.jpg\" \/>  <\/p>\n<p><span class=\"text1noticias\">Barcelona (Espa\u00f1a), 11-03-2009<\/span><\/p>\n<\/p>\n<p><span class=\"text1noticias\">La ciudad de Santo Domingo (Rep\u00fablica Dominicana) ha sido elegida por el Bureau Internacional de Capitales Culturales (www.ibocc.org) como Capital Americana de la Cultura 2010 (www.cac-acc.org), seg\u00fan que ha anunciado hoy Xavier Tudela, Presidente del Bureau, que tiene su sede en Barcelona. Santo Domingo relevar\u00e1 como referente cultural de las Am\u00e9ricas a la ciudad de Asunci\u00f3n (Paraguay), a partir del d\u00eda 1 de Enero del a\u00f1o pr\u00f3ximo.<\/span><\/p>\n<\/p>\n<p><span class=\"text1noticias\">Xavier Tudela, que visit\u00f3 la Rep\u00fablica Dominicana en noviembre de 2007 y el pasado mes de febrero, ha manifestado que ?la designaci\u00f3n como Capital Americana de la Cultura 2010 de Santo Domingo dar\u00e1 un nuevo impulso a la promoci\u00f3n y al conocimiento internacional de la rica cultura dominicana?.<\/span><\/p>\n<\/p>\n<p><span class=\"text1noticias\">La candidatura de Santo Domingo se origin\u00f3 en el Centro de Estudios Europeos de la Pontificia Universidad Cat\u00f3lica Madre y Maestra. Posteriormente, fue compartida por las instituciones dominicanas y las entidades de la sociedad civil del pa\u00eds ?lo que dar\u00e1 una gran fuerza a Santo Domingo 2010?, en palabras del Presidente del Bureau.<\/span><\/p>\n<\/p>\n<p><span class=\"text1noticias\">Xavier Tudela se entrevist\u00f3 en sus viajes a la Rep\u00fablica Dominicana, entre otros, con el Vicepresidente de la Rep\u00fablica, Rafael Albuquerque; el Presidente de la C\u00e1mara de Diputados, Julio C\u00e9sar Valent\u00edn; el Secretario de Estado (Ministro) de Cultura, Jos\u00e9 Rafael Lantigua; el Secretario de Estado de Turismo, Francisco Javier Garc\u00eda; el alcalde de Santo Domingo, Roberto Salcedo, y el rector de la Pontificia Universidad Cat\u00f3lica Madre y Maestra, Agripino N\u00fa\u00f1ez.<\/span><\/p>\n<\/p>\n<p><span class=\"text1noticias\">Como consecuencia de la capitalidad cultural de Santo Domingo, la Rep\u00fablica Dominicana tendr\u00e1 una destacada promoci\u00f3n internacional el a\u00f1o pr\u00f3ximo, que llevar\u00e1 a cabo la Organizaci\u00f3n Capital Americana de la Cultura en los medios de comunicaci\u00f3n internacionales. Antena 3 Internacional, canal oficial de TV de la Capital Americana de la Cultura, promocionar\u00e1 en su programaci\u00f3n durante 2010 la capitalidad cultural dominicana, as\u00ed como tambi\u00e9n lo har\u00e1 el grupo Discovery Channel.<\/span><\/p>\n<\/p>\n<p><span class=\"text1noticias\">Santo Domingo de Guzm\u00e1n, normalmente llamada s\u00f3lo Santo Domingo, es la primera ciudad fundada por europeos en Am\u00e9rica, cultura que se articul\u00f3 a la ind\u00edgena y la africana, una mezcla posteriormente ampliada con migraciones asi\u00e1ticas, del Medio Oriente y de otras partes del mundo. Es la capital de la Rep\u00fablica Dominicana. Fundada en 1496 por Bartolom\u00e9 Col\u00f3n, luego fue trasladada por Nicol\u00e1s de Ovando en 1502 a la parte que hoy ocupa, la cual es llamada Ciudad Colonial, declarada Patrimonio de la Humanidad por la Unesco. Parte de la m\u00fasica del \u00e1rea metropolitana de Santo Domingo ha sido declarada como Patrimonio Intangible de la Humanidad, tambi\u00e9n por Unesco.<\/span><\/p>\n<\/p>\n<p><span class=\"text1noticias\">Los edificios coloniales m\u00e1s importantes incluyen la Catedral Primada de Am\u00e9rica, primera Catedral Cat\u00f3lica del continente americano; el Alc\u00e1zar de Col\u00f3n, que fue residencia de Diego Col\u00f3n, el hijo de Crist\u00f3bal Col\u00f3n, Virrey de la colonia; el Monasterio de San Francisco, las ruinas del primer monasterio en Am\u00e9rica; el Museo de las Casas Reales, que era el palacio del Gobernador General, y el Palacio de las Audiencias Reales; El Parque Col\u00f3n, una cuadra hist\u00f3rica; la Fortaleza Ozama, la m\u00e1s antigua fortaleza en Am\u00e9rica; el Pante\u00f3n Nacional, un edificio jesuita, que contiene actualmente los restos de reconocidos dominicanos; y la Iglesia del Convento Dominico, el primer convento en Am\u00e9rica.<\/span><\/p>\n<\/p>\n<p><span class=\"text1noticias\">La ciudad de Santo Domingo tiene una poblaci\u00f3n de novecientos mil habitantes, que se acerca a los tres millones en su \u00e1rea metropolitana. La Rep\u00fablica Dominicana tiene una superficie de casi cincuenta mil kil\u00f3metros cuadrados y una poblaci\u00f3n de nueve millones de personas.<\/span><\/p>\n<\/p>\n<p><span class=\"text1noticias\">La Capital Americana de la Cultura, creada en 1998, tiene como objetivo promover la integraci\u00f3n interamericana desde el \u00e1mbito cultural, contribuir a un mejor conocimiento entre los pueblos del continente americano, respetando su diversidad nacional y regional, poniendo de relieve al mismo tiempo el patrimonio cultural com\u00fan. La Organizaci\u00f3n Capital Americana de la Cultura es miembro del Bureau Internacional de Capitales Culturales, promueve internacionalmente las ciudades capitales culturales y establece nuevos puentes de cooperaci\u00f3n con Europa, continente que tiene establecida la capital cultural desde 1985. Est\u00e1 acreditada ante la Organizaci\u00f3n de los Estados Americanos (OEA) y tiene el reconocimiento de los Parlamentos Latinoamericano y europeo. Hasta la fecha, han sido designadas como Capital Americana de la Cultura las siguientes ciudades: M\u00e9rida (M\u00e9xico) 2000; Iquique (Chile) 2001; Macei\u00f3 (Brasil) 2002; Ciudad de Panam\u00e1 (Panam\u00e1) y Curitiba (Brasil) 2003; Santiago (Chile) 2004; Guadalajara (M\u00e9xico) 2005; C\u00f3rdoba (Argentina) 2006; Cusco (Per\u00fa) 2007; Brasilia (Brasil) 2008; Asunci\u00f3n (Paraguay) 2009, y Santo Domingo (Rep\u00fablica Dominicana) 2010.<\/span><\/p>\n<\/p>\n<p><span class=\"text1noticias\">El Bureau Internacional de Capitales Culturales (www.ibocc.org) es un organismo que agrupa a la Capital Americana de la Cultura (www.cac-acc.org), la Capital Brasile\u00f1a de la Cultura (www.capitalbrasileiradacultura.org), la US Capital of Culture (www.culturalcapital.us), y la Capital de la Cultura Catalana (www.ccc.cat), como iniciativas consolidadas, y otros proyectos de creaci\u00f3n de capitales culturales en preparaci\u00f3n, como la Capital de la Cultura Espa\u00f1ola (www.ccesp.org). Xavier Tudela es el Presidente  del Bureau Internacional de Capitales Culturales.<\/span><\/p>\n<h6> 2009-03-11 14:38:15 <\/h6>\n<p><!--\n<link rel=\"stylesheet\" href=\"css\/bootstrap.min.css\">\n\n\n<ul class=\"pagination\">\n\t    \n\t\n\n<li >\n\t<a href='?page_no=21941'>Previous<\/a>\n\t<\/li>\n\n\n       \n    \n\n<li><a href='?page_no=1'>1<\/a><\/li>\n\n\n\n<li><a href='?page_no=2'>2<\/a><\/li>\n\n\n\n<li><a>...<\/a><\/li>\n\n\n\n<li><a href='?page_no=21940'>21940<\/a><\/li>\n\n\n\n<li><a href='?page_no=21941'>21941<\/a><\/li>\n\n\n\n<li class='active'><a>21942<\/a><\/li>\n\n\n\n<li><a href='?page_no=21943'>21943<\/a><\/li>\n\n\n\n<li><a href='?page_no=21944'>21944<\/a><\/li>\n\n\n\n<li><a>...<\/a><\/li>\n\n\n\n<li><a href='?page_no=22911'>22911<\/a><\/li>\n\n\n\n<li><a href='?page_no=22912'>22912<\/a><\/li>\n\n    \n\t\n\n<li >\n\t<a href='?page_no=21943'>Next<\/a>\n\t<\/li>\n\n\n    \n\n<li><a href='?page_no=22912'>Last &rsaquo;&rsaquo;<\/a><\/li>\n\n<\/ul>\n\n\n--><br \/>\n<\/body><\/p>\n","protected":false},"excerpt":{"rendered":"<p>Barcelona (Espa\u00f1a), 11-03-2009 La ciudad de Santo Domingo (Rep\u00fablica Dominicana) ha sido elegida por el Bureau Internacional de Capitales Culturales (www.ibocc.org) como Capital Americana de la Cultura 2010 (www.cac-acc.org), seg\u00fan que ha anunciado hoy Xavier Tudela, Presidente del Bureau, que tiene su sede en Barcelona. Santo Domingo relevar\u00e1 como referente cultural de las Am\u00e9ricas a [&hellip;]<\/p>\n","protected":false},"author":3,"featured_media":0,"comment_status":"open","ping_status":"open","sticky":false,"template":"","format":"standard","meta":{"footnotes":""},"categories":[21],"tags":[],"class_list":["post-70264","post","type-post","status-publish","format-standard","hentry","category-cultura"],"_links":{"self":[{"href":"https:\/\/diariodominicano.com\/index.php?rest_route=\/wp\/v2\/posts\/70264","targetHints":{"allow":["GET"]}}],"collection":[{"href":"https:\/\/diariodominicano.com\/index.php?rest_route=\/wp\/v2\/posts"}],"about":[{"href":"https:\/\/diariodominicano.com\/index.php?rest_route=\/wp\/v2\/types\/post"}],"author":[{"embeddable":true,"href":"https:\/\/diariodominicano.com\/index.php?rest_route=\/wp\/v2\/users\/3"}],"replies":[{"embeddable":true,"href":"https:\/\/diariodominicano.com\/index.php?rest_route=%2Fwp%2Fv2%2Fcomments&post=70264"}],"version-history":[{"count":0,"href":"https:\/\/diariodominicano.com\/index.php?rest_route=\/wp\/v2\/posts\/70264\/revisions"}],"wp:attachment":[{"href":"https:\/\/diariodominicano.com\/index.php?rest_route=%2Fwp%2Fv2%2Fmedia&parent=70264"}],"wp:term":[{"taxonomy":"category","embeddable":true,"href":"https:\/\/diariodominicano.com\/index.php?rest_route=%2Fwp%2Fv2%2Fcategories&post=70264"},{"taxonomy":"post_tag","embeddable":true,"href":"https:\/\/diariodominicano.com\/index.php?rest_route=%2Fwp%2Fv2%2Ftags&post=70264"}],"curies":[{"name":"wp","href":"https:\/\/api.w.org\/{rel}","templated":true}]}}