{"id":70263,"date":"2009-03-11T16:21:57","date_gmt":"2009-03-11T16:21:57","guid":{"rendered":"http:\/\/diariodominicano.ddns.net\/?p=70263"},"modified":"2009-03-11T16:21:57","modified_gmt":"2009-03-11T16:21:57","slug":"iniciaran-ciclo-pre-inaugural-feria-internacional-del-libro","status":"publish","type":"post","link":"https:\/\/diariodominicano.com\/?p=70263","title":{"rendered":"Iniciar\u00e1n Ciclo Pre Inaugural Feria Internacional del Libro"},"content":{"rendered":"<p><body><\/p>\n<p><img decoding=\"async\" src=\"http:\/\/localhost:8080\/img3\/ferili.jpg\" \/>  <\/p>\n<p><span class=\"text1noticias\">Se inicia este jueves 12 con una conferencia sobre Machado de Assis, la m\u00e1xima figura de la literatura brasile\u00f1a.<\/span><\/p>\n<\/p>\n<p><span class=\"text1noticias\">Con una conferencia sobre el escritor mayor de la literatura brasile\u00f1a, inicia este jueves el Ciclo Pre Inaugural de la XII Feria Internacional del Libro.<\/span><\/p>\n<\/p>\n<p><span class=\"text1noticias\">El doctor Olivier Batista, catedr\u00e1tico de la Universidad Aut\u00f3noma de Santo Domingo, hablar\u00e1 sobre el tema ?Joaqu\u00edn Machado de Ass\u00eds, vida y obra, un singular innovador de la literatura latinoamericana?. El acto se iniciar\u00e1 este jueves 12 de marzo, a las 7:30 de la noche, en el Museo de las Casas Reales.  Este a\u00f1o se conmemora en Brasil el centenario de Machado de Ass\u00eds.<\/span><\/p>\n<\/p>\n<p><span class=\"text1noticias\">La actividad se realizar\u00e1 en medio de una recreaci\u00f3n de ambiente brasile\u00f1o, con im\u00e1genes de los carnavales de ese pa\u00eds y brindis de Caipirinha, la bebida t\u00edpica de all\u00ed. Brasil es el pa\u00eds invitado de honor de la Feria del Libro de este a\u00f1o.<\/span><\/p>\n<\/p>\n<p><span class=\"text1noticias\">El jueves 19, el doctor Euclides Guti\u00e9rrez F\u00e9lix pronunciar\u00e1 una conferencia magistral sobre el tema ?Juan Bosch, siempre?, en la Sala de la Cultura del Teatro Nacional Eduardo Brito, a las 7:30 de la noche. La Feria del Libro se dedica este a\u00f1o a Juan Bosch, en el centenario de su nacimiento.<\/span><\/p>\n<\/p>\n<p><span class=\"text1noticias\">El ciclo pre inaugural del magno evento cultural, continuar\u00e1 el lunes 23, con la inauguraci\u00f3n del Centro Cultural Dom\u00ednico-Brasile\u00f1o, en el sector de Gazcue. En este centro se impartir\u00e1n  permanentemente clases de portugu\u00e9s, y servir\u00e1 de asiento a presentaciones art\u00edsticas, exposiciones de artes visuales y conferencias.<\/span><\/p>\n<\/p>\n<p><span class=\"text1noticias\">El martes 24, el poeta y novelista salvadore\u00f1o Manlio Argueta pronunciar\u00e1 una conferencia sobre el tema ?Literatura centroamericana y marginalidad literaria?, a las 7:30 de la noche en el Museo de las Casas Reales.<\/span><\/p>\n<\/p>\n<p><span class=\"text1noticias\">Los d\u00edas 24 y 25, Manlio Argueta dictar\u00e1 un taller sobre c\u00f3mo escribir una novela, bajo el tema ?La novela, teor\u00eda y pr\u00e1ctica?. Este taller, de dos d\u00edas de duraci\u00f3n, se realizar\u00e1 de 9 de la ma\u00f1ana a 12 del mediod\u00eda, y de 2 a 4 de la tarde, en la Sala de Arte Ram\u00f3n Oviedo, de la Secretar\u00eda de Cultura. El cupo estar\u00e1 limitado a 30 personas.<\/span><\/p>\n<\/p>\n<p><span class=\"text1noticias\">La antolog\u00eda po\u00e9tica ?Plata-Caribe? de poetas dominicanos y uruguayos, se presentar\u00e1 el martes 31 de marzo, en la Sala de Arte Ram\u00f3n Oviedo, a las 6 de la tarde. La obra es de la autor\u00eda del escritor de Uruguay, Rafael Courtoise, y del poeta dominicano Basilio Belliard. En esta actividad se ofrecer\u00e1 un recital con los poetas dominicanos antologados, y se presentar\u00e1 adem\u00e1s el libro ?La Biblia h\u00fameda?, de Courtoise.<\/span><\/p>\n<\/p>\n<p><span class=\"text1noticias\">El martes 7 de abril, a las 6 de la tarde, en la misma Sala de Arte Ram\u00f3n Oviedo, se presentar\u00e1 el libro ?Cabral, un poeta de Am\u00e9rica?, del argentino Manuel Ugarte. La obra, que se publica por primera vez en el pa\u00eds, vio la luz en Argentina en 1953. Ha sido rescatada por la Secretar\u00eda de Cultura, cuyo titular Jos\u00e9 Rafael Lantigua tendr\u00e1 a su cargo la presentaci\u00f3n.<\/span><\/p>\n<\/p>\n<p><span class=\"text1noticias\">El ciclo pre inaugural de la Feria del Libro concluye el mi\u00e9rcoles 15 de abril con el c\u00f3ctel de presentaci\u00f3n de las obras que ser\u00e1n publicadas durante la Feria del Libro, editadas por Ediciones Ferilibro, Editora Nacional y Ediciones de la Secretar\u00eda de Estado de Cultura. Este acto tambi\u00e9n se realizar\u00e1 en la Sala de Arte Ram\u00f3n Oviedo de la SEC.<\/span><\/p>\n<\/p>\n<p><span class=\"text1noticias\">En la organizaci\u00f3n  del Ciclo Pre Inaugural participan la Direcci\u00f3n General de la Feria del Libro, la Direcci\u00f3n de Gesti\u00f3n Literaria y la Embajada de Brasil en Rep\u00fablica Dominicana.<\/span><\/p>\n<\/p>\n<p><span class=\"text1noticias\">La XII Feria Internacional del Libro Santo Domingo 2009, se realizar\u00e1 del 20 de abril al 3 de mayo en la Plaza de la Cultura Juan Pablo Duarte. <\/span><\/p>\n<h6> 2009-03-11 16:21:57 <\/h6>\n<p><!--\n<link rel=\"stylesheet\" href=\"css\/bootstrap.min.css\">\n\n\n<ul class=\"pagination\">\n\t    \n\t\n\n<li >\n\t<a href='?page_no=21940'>Previous<\/a>\n\t<\/li>\n\n\n       \n    \n\n<li><a href='?page_no=1'>1<\/a><\/li>\n\n\n\n<li><a href='?page_no=2'>2<\/a><\/li>\n\n\n\n<li><a>...<\/a><\/li>\n\n\n\n<li><a href='?page_no=21939'>21939<\/a><\/li>\n\n\n\n<li><a href='?page_no=21940'>21940<\/a><\/li>\n\n\n\n<li class='active'><a>21941<\/a><\/li>\n\n\n\n<li><a href='?page_no=21942'>21942<\/a><\/li>\n\n\n\n<li><a href='?page_no=21943'>21943<\/a><\/li>\n\n\n\n<li><a>...<\/a><\/li>\n\n\n\n<li><a href='?page_no=22911'>22911<\/a><\/li>\n\n\n\n<li><a href='?page_no=22912'>22912<\/a><\/li>\n\n    \n\t\n\n<li >\n\t<a href='?page_no=21942'>Next<\/a>\n\t<\/li>\n\n\n    \n\n<li><a href='?page_no=22912'>Last &rsaquo;&rsaquo;<\/a><\/li>\n\n<\/ul>\n\n\n--><br \/>\n<\/body><\/p>\n","protected":false},"excerpt":{"rendered":"<p>Se inicia este jueves 12 con una conferencia sobre Machado de Assis, la m\u00e1xima figura de la literatura brasile\u00f1a. Con una conferencia sobre el escritor mayor de la literatura brasile\u00f1a, inicia este jueves el Ciclo Pre Inaugural de la XII Feria Internacional del Libro. El doctor Olivier Batista, catedr\u00e1tico de la Universidad Aut\u00f3noma de Santo [&hellip;]<\/p>\n","protected":false},"author":3,"featured_media":0,"comment_status":"open","ping_status":"open","sticky":false,"template":"","format":"standard","meta":{"footnotes":""},"categories":[21],"tags":[],"class_list":["post-70263","post","type-post","status-publish","format-standard","hentry","category-cultura"],"_links":{"self":[{"href":"https:\/\/diariodominicano.com\/index.php?rest_route=\/wp\/v2\/posts\/70263","targetHints":{"allow":["GET"]}}],"collection":[{"href":"https:\/\/diariodominicano.com\/index.php?rest_route=\/wp\/v2\/posts"}],"about":[{"href":"https:\/\/diariodominicano.com\/index.php?rest_route=\/wp\/v2\/types\/post"}],"author":[{"embeddable":true,"href":"https:\/\/diariodominicano.com\/index.php?rest_route=\/wp\/v2\/users\/3"}],"replies":[{"embeddable":true,"href":"https:\/\/diariodominicano.com\/index.php?rest_route=%2Fwp%2Fv2%2Fcomments&post=70263"}],"version-history":[{"count":0,"href":"https:\/\/diariodominicano.com\/index.php?rest_route=\/wp\/v2\/posts\/70263\/revisions"}],"wp:attachment":[{"href":"https:\/\/diariodominicano.com\/index.php?rest_route=%2Fwp%2Fv2%2Fmedia&parent=70263"}],"wp:term":[{"taxonomy":"category","embeddable":true,"href":"https:\/\/diariodominicano.com\/index.php?rest_route=%2Fwp%2Fv2%2Fcategories&post=70263"},{"taxonomy":"post_tag","embeddable":true,"href":"https:\/\/diariodominicano.com\/index.php?rest_route=%2Fwp%2Fv2%2Ftags&post=70263"}],"curies":[{"name":"wp","href":"https:\/\/api.w.org\/{rel}","templated":true}]}}