{"id":70262,"date":"2009-03-11T18:01:19","date_gmt":"2009-03-11T18:01:19","guid":{"rendered":"http:\/\/diariodominicano.ddns.net\/?p=70262"},"modified":"2009-03-11T18:01:19","modified_gmt":"2009-03-11T18:01:19","slug":"pena-de-artistas-en-el-corazon-de-la-ciudad","status":"publish","type":"post","link":"https:\/\/diariodominicano.com\/?p=70262","title":{"rendered":"Pe\u00f1a de Artistas en el coraz\u00f3n de la Ciudad"},"content":{"rendered":"<p><body><\/p>\n<p><img decoding=\"async\" src=\"http:\/\/localhost:8080\/img3\/ares.jpg\" \/>  <\/p>\n<p><span class=\"text1noticias\">Por: Vilma Yolanda Batista \/ vilma@cicom.com.do<\/span><\/p>\n<\/p>\n<p><span class=\"text1noticias\">Santo Domingo.- Queremos compartir los detalles de una experiencia extrasensorial unica. Tuvimos la oportunidad de ser nuevamente testigos de primera mano de que el Arte y la Cultura, s\u00ed tiene un espacio significativo y un p\u00fablico \u00e1vido en nuestro pa\u00eds.<\/span><\/p>\n<\/p>\n<p><span class=\"text1noticias\">Esto lo demuestra el conglomerado que acompa\u00f1amos a las artistas  visuales  Rosalba Hern\u00e1ndez y Iris P\u00e9rez, quienes nos introdujeron a su Laboratorio Evolutivo de Arte Contempor\u00e1neo, espacio creado para motivar encuentros para el intercambio de ideas y debates en torno al arte y las manifestaciones sociales que producen cambios en la sociedad y en las distintas ciudades del mundo.<\/span><\/p>\n<\/p>\n<p><span class=\"text1noticias\">Ubicado en el coraz\u00f3n de la Zona Colonial, las paredes blancas te van envolviendo  con la representaci\u00f3n de la propuesta de las artistas, que se  caracterizan  por  mostrar su  preocupaci\u00f3n por  las necesidades sociales,  en la que muestran  una posici\u00f3n cr\u00edtica  ante los males conocidos,  conflictos y falta de equidad. <\/span><\/p>\n<\/p>\n<p><span class=\"text1noticias\">Hern\u00e1ndez se enfoca en retratar lo que ella misma ha denominado el comportamiento humano en la urbe, los elementos que forman parte de nuestra conducta y convivencia, deseos,  necesidades, y opulencias en el subdesarrollo; mientras P\u00e9rez se enfoca en la defensa de la condici\u00f3n humana,  particularmente de la mujer.<\/span><\/p>\n<\/p>\n<p><span class=\"text1noticias\">En el Laboratorio Evolutivo de Arte Contempor\u00e1neo pudimos ver la exposici\u00f3n permanente de arte contempor\u00e1neo, dibujos, pinturas, fotograf\u00edas, m\u00fasica, teatro, esculturas y un performance impresionante? definitivamente el resultado supera las expectativas, en este espacio m\u00e1gico el arte fluye en todas sus manifestaciones y se conquista al visitante a medida que va adentr\u00e1ndose en sus fauces<\/span><\/p>\n<\/p>\n<p><span class=\"text1noticias\">Con esta iniciativa de Iris P\u00e9rez y Rosalba Hern\u00e1ndez deciden unir fuerzas creativas ante la necesidad de entregar una propuesta  alternativa mostrando permanentemente manifestaciones de arte novedosas, como pe\u00f1a art\u00edstica, dirigida  espec\u00edficamente a la difusi\u00f3n cultural.<\/span><\/p>\n<\/p>\n<p><span class=\"text1noticias\">Nos unimos a esta iniciativa y les invitamos a los amantes del arte, la cultura y el pensamiento libre a visitar este espacio ubicado frente a la Catedral Primada de Am\u00e9rica, edificio Conde 15, local 101.<\/span><\/p>\n<h6> 2009-03-11 18:01:19 <\/h6>\n<p><!--\n<link rel=\"stylesheet\" href=\"css\/bootstrap.min.css\">\n\n\n<ul class=\"pagination\">\n\t    \n\t\n\n<li >\n\t<a href='?page_no=21939'>Previous<\/a>\n\t<\/li>\n\n\n       \n    \n\n<li><a href='?page_no=1'>1<\/a><\/li>\n\n\n\n<li><a href='?page_no=2'>2<\/a><\/li>\n\n\n\n<li><a>...<\/a><\/li>\n\n\n\n<li><a href='?page_no=21938'>21938<\/a><\/li>\n\n\n\n<li><a href='?page_no=21939'>21939<\/a><\/li>\n\n\n\n<li class='active'><a>21940<\/a><\/li>\n\n\n\n<li><a href='?page_no=21941'>21941<\/a><\/li>\n\n\n\n<li><a href='?page_no=21942'>21942<\/a><\/li>\n\n\n\n<li><a>...<\/a><\/li>\n\n\n\n<li><a href='?page_no=22911'>22911<\/a><\/li>\n\n\n\n<li><a href='?page_no=22912'>22912<\/a><\/li>\n\n    \n\t\n\n<li >\n\t<a href='?page_no=21941'>Next<\/a>\n\t<\/li>\n\n\n    \n\n<li><a href='?page_no=22912'>Last &rsaquo;&rsaquo;<\/a><\/li>\n\n<\/ul>\n\n\n--><br \/>\n<\/body><\/p>\n","protected":false},"excerpt":{"rendered":"<p>Por: Vilma Yolanda Batista \/ vilma@cicom.com.do Santo Domingo.- Queremos compartir los detalles de una experiencia extrasensorial unica. Tuvimos la oportunidad de ser nuevamente testigos de primera mano de que el Arte y la Cultura, s\u00ed tiene un espacio significativo y un p\u00fablico \u00e1vido en nuestro pa\u00eds. Esto lo demuestra el conglomerado que acompa\u00f1amos a las [&hellip;]<\/p>\n","protected":false},"author":3,"featured_media":0,"comment_status":"open","ping_status":"open","sticky":false,"template":"","format":"standard","meta":{"footnotes":""},"categories":[21],"tags":[],"class_list":["post-70262","post","type-post","status-publish","format-standard","hentry","category-cultura"],"_links":{"self":[{"href":"https:\/\/diariodominicano.com\/index.php?rest_route=\/wp\/v2\/posts\/70262","targetHints":{"allow":["GET"]}}],"collection":[{"href":"https:\/\/diariodominicano.com\/index.php?rest_route=\/wp\/v2\/posts"}],"about":[{"href":"https:\/\/diariodominicano.com\/index.php?rest_route=\/wp\/v2\/types\/post"}],"author":[{"embeddable":true,"href":"https:\/\/diariodominicano.com\/index.php?rest_route=\/wp\/v2\/users\/3"}],"replies":[{"embeddable":true,"href":"https:\/\/diariodominicano.com\/index.php?rest_route=%2Fwp%2Fv2%2Fcomments&post=70262"}],"version-history":[{"count":0,"href":"https:\/\/diariodominicano.com\/index.php?rest_route=\/wp\/v2\/posts\/70262\/revisions"}],"wp:attachment":[{"href":"https:\/\/diariodominicano.com\/index.php?rest_route=%2Fwp%2Fv2%2Fmedia&parent=70262"}],"wp:term":[{"taxonomy":"category","embeddable":true,"href":"https:\/\/diariodominicano.com\/index.php?rest_route=%2Fwp%2Fv2%2Fcategories&post=70262"},{"taxonomy":"post_tag","embeddable":true,"href":"https:\/\/diariodominicano.com\/index.php?rest_route=%2Fwp%2Fv2%2Ftags&post=70262"}],"curies":[{"name":"wp","href":"https:\/\/api.w.org\/{rel}","templated":true}]}}