{"id":70261,"date":"2009-03-11T21:17:08","date_gmt":"2009-03-11T21:17:08","guid":{"rendered":"http:\/\/diariodominicano.ddns.net\/?p=70261"},"modified":"2009-03-11T21:17:08","modified_gmt":"2009-03-11T21:17:08","slug":"camara-dominico-haitiana-elige-nueva-junta-directiva","status":"publish","type":"post","link":"https:\/\/diariodominicano.com\/?p=70261","title":{"rendered":"C\u00e1mara Dom\u00ednico- Haitiana elige nueva  junta directiva"},"content":{"rendered":"<p><body><\/p>\n<p><img decoding=\"async\" src=\"http:\/\/localhost:8080\/img3\/domin.jpg\" \/>  <\/p>\n<p><span class=\"text1noticias\">Santo Domingo.- En un acto que cont\u00f3 con la presencia de empresarios, Miembros del Gobierno y relacionados dominicanos  la  C\u00e1mara Dom\u00ednico- Haitiana present\u00f3 a los miembros de su nueva junta directiva, durante un c\u00f3ctel efectuado en el hotel El Embajador.<\/span><\/p>\n<\/p>\n<p><span class=\"text1noticias\">La nueva directiva de la C\u00e1mara Dom\u00ednico-Haitiana la preside Rosa Mar\u00eda Garc\u00eda, junto a:   Gregory Mevs,   primer vicepresidente; V\u00edctor Bison\u00f3 hijo,                         segundo vicepresidente; Juan Guiliany Cruz, asesor de Asuntos Fronterizos; Nadine Cardozo,  asesor; Rafael Hern\u00e1ndez, tesorero; Ram\u00f3n B\u00e1ez Zeller, secretario, as\u00ed como los  miembros de honor: Nesmy Marnigat, Ingrid Hackenbruck, V\u00edctor Chatelain Max Antoine y Rosanna Rivera-Caminero.<\/span><\/p>\n<\/p>\n<p><span class=\"text1noticias\">Al hacer la presentaci\u00f3n de los nuevos miembros electos para dirigir  la C\u00e1mara Dom\u00ednico- Haitiana, la directora ejecutiva de \u00e9sta, Rosanna Rivera Caminero pronunci\u00f3 un discurso de bienvenida  en el que dijo que  se sumaba incondicionalmente a los  esfuerzos que realiza el gobierno, y en  particular a  fomentar las relaciones bilaterales en el comercio y cultura entre ambas naciones.<\/span><\/p>\n<\/p>\n<p><span class=\"text1noticias\">?Para quienes tenemos las riendas de este organismo, es inaceptable que en un mundo globalizado y de fronteras abiertas, monedas comunes, vivamos de espalda  una realidad latente, llena de historia y episodios particulares que puedan, quiz\u00e1s en alg\u00fan momento, obligarnos a mirar con recelo nuestra frontera y vecindad.<\/span><\/p>\n<\/p>\n<p><span class=\"text1noticias\">?Saludemos la iniciativa de restablecer el di\u00e1logo de la Comisi\u00f3n Mixta Bilateral, confiando que viene una nueva era para el fortalecimiento sustancial de las relaciones entre ambos pa\u00edses, pa\u00edses muy diferentes pero con un fin com\u00fan: el progreso y la estabilidad, aunado de aut\u00e9ntico esp\u00edritu de cooperaci\u00f3n y solidaridad.?<\/span><\/p>\n<\/p>\n<p><span class=\"text1noticias\">De su lado la nueva presidenta electa, Rosa Mar\u00eda Garc\u00eda,  tambi\u00e9n pronunci\u00f3 su discurso de toma de posesi\u00f3n, titulada Dos naciones una isla, una visi\u00f3n del  futuro.<\/span><\/p>\n<\/p>\n<p><span class=\"text1noticias\">Donde comenz\u00f3 con la pregunta somos verdaderamente patri\u00f3ticos? , estamos divisando nuestro futuro?<\/span><\/p>\n<\/p>\n<p><span class=\"text1noticias\">Expres\u00f3 que ?el proceso de desarrollo de nuestros pa\u00edses es inevitable, y el camino que debemos recorrer tiene una cooperaci\u00f3n estrecha. Tanto la Rep\u00fablica Dominicana como Hait\u00ed est\u00e1n avocados a fortalecer sus relaciones comerciales, lo cual se traduce en un beneficio palpable para nuestros pueblos, y como demostraci\u00f3n de que si se puede se plantearon dos proyectos que vendr\u00edan siendo los primeros de muchos, como son la realizaci\u00f3n de dos proyectos de la parte dominicana el saneamiento de aguas en El\u00edas Pina  y en la parte Haitiana la realizaci\u00f3n de una escuela en Cachiman , en el de Beladere que cuentan con la cooperaci\u00f3n de organismos internacionales.<\/span><\/p>\n<\/p>\n<p><span class=\"text1noticias\">Es por esto que esta nueva directiva, y personalmente en  calidad de presidenta, tomamos un compromiso firme con el prop\u00f3sito de encontrar las soluciones necesarias para darle un nuevo giro a las relaciones comerciales, a fin de que se regularicen y se equilibren  en beneficio para ambas comunidades.<\/span><\/p>\n<\/p>\n<p><span class=\"text1noticias\">Estos momentos de esperanza donde ambos gobiernos ponen la mejor voluntad pol\u00edtica para construir un futuro nuevo, cuenta con el dinamismo y la firme voluntad de la nueva C\u00e1mara Dom\u00ednico- Haitiana.<\/span><\/p>\n<\/p>\n<p><span class=\"text1noticias\">La fuerza de trabajo, creadora de fuentes de empleos y progreso para nuestros pa\u00edses, debe tener una c\u00e1mara que los apoye y los acompa\u00f1e. Para esto contamos con una base de data de 3000 empresas haitianas y otras tantas dominicanas. As\u00ed lograremos un mejor bienestar para nuestros pa\u00edses y una mejor inserci\u00f3n en el mundo.<\/span><\/p>\n<\/p>\n<p><span class=\"text1noticias\">Un ejemplo de esta cooperaci\u00f3n binacional es la presencia de empresas haitianas radicadas en nuestro pa\u00eds, tales como el grupo Kawas, Grupo Handal, Grupo Boulos e incluso peque\u00f1as pymes, como la Boite Amusique, no son m\u00e1s que el ejemplo de que s\u00ed se puede?, concluy\u00f3 la nueva presidenta de la C\u00e1mara Dom\u00ednico- Haitiana.<\/span><\/p>\n<h6> 2009-03-11 21:17:08 <\/h6>\n<p><!--\n<link rel=\"stylesheet\" href=\"css\/bootstrap.min.css\">\n\n\n<ul class=\"pagination\">\n\t    \n\t\n\n<li >\n\t<a href='?page_no=21938'>Previous<\/a>\n\t<\/li>\n\n\n       \n    \n\n<li><a href='?page_no=1'>1<\/a><\/li>\n\n\n\n<li><a href='?page_no=2'>2<\/a><\/li>\n\n\n\n<li><a>...<\/a><\/li>\n\n\n\n<li><a href='?page_no=21937'>21937<\/a><\/li>\n\n\n\n<li><a href='?page_no=21938'>21938<\/a><\/li>\n\n\n\n<li class='active'><a>21939<\/a><\/li>\n\n\n\n<li><a href='?page_no=21940'>21940<\/a><\/li>\n\n\n\n<li><a href='?page_no=21941'>21941<\/a><\/li>\n\n\n\n<li><a>...<\/a><\/li>\n\n\n\n<li><a href='?page_no=22911'>22911<\/a><\/li>\n\n\n\n<li><a href='?page_no=22912'>22912<\/a><\/li>\n\n    \n\t\n\n<li >\n\t<a href='?page_no=21940'>Next<\/a>\n\t<\/li>\n\n\n    \n\n<li><a href='?page_no=22912'>Last &rsaquo;&rsaquo;<\/a><\/li>\n\n<\/ul>\n\n\n--><br \/>\n<\/body><\/p>\n","protected":false},"excerpt":{"rendered":"<p>Santo Domingo.- En un acto que cont\u00f3 con la presencia de empresarios, Miembros del Gobierno y relacionados dominicanos la C\u00e1mara Dom\u00ednico- Haitiana present\u00f3 a los miembros de su nueva junta directiva, durante un c\u00f3ctel efectuado en el hotel El Embajador. La nueva directiva de la C\u00e1mara Dom\u00ednico-Haitiana la preside Rosa Mar\u00eda Garc\u00eda, junto a: Gregory [&hellip;]<\/p>\n","protected":false},"author":3,"featured_media":0,"comment_status":"open","ping_status":"open","sticky":false,"template":"","format":"standard","meta":{"footnotes":""},"categories":[21],"tags":[],"class_list":["post-70261","post","type-post","status-publish","format-standard","hentry","category-cultura"],"_links":{"self":[{"href":"https:\/\/diariodominicano.com\/index.php?rest_route=\/wp\/v2\/posts\/70261","targetHints":{"allow":["GET"]}}],"collection":[{"href":"https:\/\/diariodominicano.com\/index.php?rest_route=\/wp\/v2\/posts"}],"about":[{"href":"https:\/\/diariodominicano.com\/index.php?rest_route=\/wp\/v2\/types\/post"}],"author":[{"embeddable":true,"href":"https:\/\/diariodominicano.com\/index.php?rest_route=\/wp\/v2\/users\/3"}],"replies":[{"embeddable":true,"href":"https:\/\/diariodominicano.com\/index.php?rest_route=%2Fwp%2Fv2%2Fcomments&post=70261"}],"version-history":[{"count":0,"href":"https:\/\/diariodominicano.com\/index.php?rest_route=\/wp\/v2\/posts\/70261\/revisions"}],"wp:attachment":[{"href":"https:\/\/diariodominicano.com\/index.php?rest_route=%2Fwp%2Fv2%2Fmedia&parent=70261"}],"wp:term":[{"taxonomy":"category","embeddable":true,"href":"https:\/\/diariodominicano.com\/index.php?rest_route=%2Fwp%2Fv2%2Fcategories&post=70261"},{"taxonomy":"post_tag","embeddable":true,"href":"https:\/\/diariodominicano.com\/index.php?rest_route=%2Fwp%2Fv2%2Ftags&post=70261"}],"curies":[{"name":"wp","href":"https:\/\/api.w.org\/{rel}","templated":true}]}}