{"id":70260,"date":"2009-03-11T22:11:09","date_gmt":"2009-03-11T22:11:09","guid":{"rendered":"http:\/\/diariodominicano.ddns.net\/?p=70260"},"modified":"2009-03-11T22:11:09","modified_gmt":"2009-03-11T22:11:09","slug":"uasd-pone-a-circular-moderno-texto-de-introduccion-a-la-informatica","status":"publish","type":"post","link":"https:\/\/diariodominicano.com\/?p=70260","title":{"rendered":"UASD pone a circular moderno texto de Introducci\u00f3n a la Inform\u00e1tica"},"content":{"rendered":"<p><body><\/p>\n<p><img decoding=\"async\" src=\"http:\/\/localhost:8080\/img3\/informan.jpg\" \/>  <\/p>\n<p><span class=\"text1noticias\">La Universidad Aut\u00f3noma de Santo Domingo (UASD) puso en circulaci\u00f3n el manual Introducci\u00f3n a la Inform\u00e1tica, texto que de acuerdo a las autoridades de la instituci\u00f3n se trata de lo m\u00e1s actualizado y moderno en su g\u00e9nero editado en el pa\u00eds en a\u00f1os recientes.<\/span><\/p>\n<\/p>\n<p><span class=\"text1noticias\">La obra es autor\u00eda de los ingenieros inform\u00e1ticos Raysa V\u00e1squez Reynoso, George Beekman, Claudio Dur\u00e1n Hilario, Ysabel Melenciano Sierra y Jos\u00e9 Binet Gonz\u00e1lez, profesores de la Escuela de Inform\u00e1tica de la Facultad de Ciencias, entidad que auspici\u00f3 la obra en coordinaci\u00f3n con la Editora Pearson Internacional.<\/span><\/p>\n<\/p>\n<p><span class=\"text1noticias\">El acto de puesta en circulaci\u00f3n se llev\u00f3 a efecto en el Paraninfo de la Facultad de Ciencias Econ\u00f3micas y Sociales, donde la maestra Miledys Alberto, decana de la Facultad de Ciencias, pronunci\u00f3 el discurso de presentaci\u00f3n.<\/span><\/p>\n<\/p>\n<p><span class=\"text1noticias\">Alberto valor\u00f3 el esfuerzo de los profesores de la Escuela de Inform\u00e1tica en editar un texto que servir\u00e1 de base para que los estudiantes afiancen sus conocimientos en el \u00e1rea y puedan elevar su acervo cultural de cara al futuro profesional, en un mundo en el que cada d\u00eda m\u00e1s la tecnolog\u00eda de la informaci\u00f3n se convierte en una realidad.<\/span><\/p>\n<\/p>\n<p><span class=\"text1noticias\">Durante el evento la decana de la Facultad de Ciencias anunci\u00f3 el equipamiento de los laboratorios de inform\u00e1tica de los Centros Universitarios Regionales y el remozamiento del de la Sede Central, gracias a recursos facilitados por el rector de la UASD, doctor Franklin Garc\u00eda Ferm\u00edn y al sacrificio de la propia unidad a su cargo.<\/span><\/p>\n<\/p>\n<p><span class=\"text1noticias\">Introducci\u00f3n a la Inform\u00e1tica consta de seis partes divididos en 12 capit\u00edtulos, en los cuales se plantean conceptos b\u00e1sicos de hardware y software y sus fundamentos; juntamente con una parte dedicada a la historia de la computaci\u00f3n en la Rep\u00fablica Dominicana y temas referentes al derecho de la inform\u00e1tica en el pa\u00eds, entre otras novedades.<\/span><\/p>\n<\/p>\n<p><span class=\"text1noticias\">La mesa de honor fue presidida por la decana de Ciencias, maestra Miledys Alberto; los profesores V\u00e1squez Reynoso, Beekman, Dur\u00e1n Hilario, Melenciano Sierra, Binet Gonz\u00e1lez, la licenciada Judith Rivas, en representaci\u00f3n de la Editora Pearson y el bachiller Jos\u00e9 Oscar G\u00f3mez, vicepresidente de la Asociaci\u00f3n Nacional de Estudiantes Universitarios de Inform\u00e1tica (Aneuinfo), quien pas\u00f3 revista a las ejecutorias del gremio durante los \u00faltimos meses.<\/span><\/p>\n<h6> 2009-03-11 22:11:09 <\/h6>\n<p><!--\n<link rel=\"stylesheet\" href=\"css\/bootstrap.min.css\">\n\n\n<ul class=\"pagination\">\n\t    \n\t\n\n<li >\n\t<a href='?page_no=21937'>Previous<\/a>\n\t<\/li>\n\n\n       \n    \n\n<li><a href='?page_no=1'>1<\/a><\/li>\n\n\n\n<li><a href='?page_no=2'>2<\/a><\/li>\n\n\n\n<li><a>...<\/a><\/li>\n\n\n\n<li><a href='?page_no=21936'>21936<\/a><\/li>\n\n\n\n<li><a href='?page_no=21937'>21937<\/a><\/li>\n\n\n\n<li class='active'><a>21938<\/a><\/li>\n\n\n\n<li><a href='?page_no=21939'>21939<\/a><\/li>\n\n\n\n<li><a href='?page_no=21940'>21940<\/a><\/li>\n\n\n\n<li><a>...<\/a><\/li>\n\n\n\n<li><a href='?page_no=22911'>22911<\/a><\/li>\n\n\n\n<li><a href='?page_no=22912'>22912<\/a><\/li>\n\n    \n\t\n\n<li >\n\t<a href='?page_no=21939'>Next<\/a>\n\t<\/li>\n\n\n    \n\n<li><a href='?page_no=22912'>Last &rsaquo;&rsaquo;<\/a><\/li>\n\n<\/ul>\n\n\n--><br \/>\n<\/body><\/p>\n","protected":false},"excerpt":{"rendered":"<p>La Universidad Aut\u00f3noma de Santo Domingo (UASD) puso en circulaci\u00f3n el manual Introducci\u00f3n a la Inform\u00e1tica, texto que de acuerdo a las autoridades de la instituci\u00f3n se trata de lo m\u00e1s actualizado y moderno en su g\u00e9nero editado en el pa\u00eds en a\u00f1os recientes. La obra es autor\u00eda de los ingenieros inform\u00e1ticos Raysa V\u00e1squez Reynoso, [&hellip;]<\/p>\n","protected":false},"author":3,"featured_media":0,"comment_status":"open","ping_status":"open","sticky":false,"template":"","format":"standard","meta":{"footnotes":""},"categories":[21],"tags":[],"class_list":["post-70260","post","type-post","status-publish","format-standard","hentry","category-cultura"],"_links":{"self":[{"href":"https:\/\/diariodominicano.com\/index.php?rest_route=\/wp\/v2\/posts\/70260","targetHints":{"allow":["GET"]}}],"collection":[{"href":"https:\/\/diariodominicano.com\/index.php?rest_route=\/wp\/v2\/posts"}],"about":[{"href":"https:\/\/diariodominicano.com\/index.php?rest_route=\/wp\/v2\/types\/post"}],"author":[{"embeddable":true,"href":"https:\/\/diariodominicano.com\/index.php?rest_route=\/wp\/v2\/users\/3"}],"replies":[{"embeddable":true,"href":"https:\/\/diariodominicano.com\/index.php?rest_route=%2Fwp%2Fv2%2Fcomments&post=70260"}],"version-history":[{"count":0,"href":"https:\/\/diariodominicano.com\/index.php?rest_route=\/wp\/v2\/posts\/70260\/revisions"}],"wp:attachment":[{"href":"https:\/\/diariodominicano.com\/index.php?rest_route=%2Fwp%2Fv2%2Fmedia&parent=70260"}],"wp:term":[{"taxonomy":"category","embeddable":true,"href":"https:\/\/diariodominicano.com\/index.php?rest_route=%2Fwp%2Fv2%2Fcategories&post=70260"},{"taxonomy":"post_tag","embeddable":true,"href":"https:\/\/diariodominicano.com\/index.php?rest_route=%2Fwp%2Fv2%2Ftags&post=70260"}],"curies":[{"name":"wp","href":"https:\/\/api.w.org\/{rel}","templated":true}]}}