{"id":70259,"date":"2009-03-12T14:49:03","date_gmt":"2009-03-12T14:49:03","guid":{"rendered":"http:\/\/diariodominicano.ddns.net\/?p=70259"},"modified":"2009-03-12T14:49:03","modified_gmt":"2009-03-12T14:49:03","slug":"adococ-premiara-arte-cristiano-r-d","status":"publish","type":"post","link":"https:\/\/diariodominicano.com\/?p=70259","title":{"rendered":"ADOCOC PREMIARA ARTE CRISTIANO R. D."},"content":{"rendered":"<p><body><\/p>\n<p><img decoding=\"async\" src=\"http:\/\/localhost:8080\/img3\/galardo.jpg\" \/>  <\/p>\n<p><span class=\"text1noticias\">Santo Domingo, R. D.- La Asociaci\u00f3n Dominicana de Comunicadores Cristianos Inc. (ADOCOC), celebrar\u00e1 el pr\u00f3ximo mes de mayo el 1er Premio a la ?Excelencia de las Artes Cristianas?, ?EL GALARDON?, el cual reconocer\u00e1 a los artistas, ministerios, productores y presentadores de Radio y TV del \u00e1rea cristiana.<\/span><\/p>\n<\/p>\n<p><span class=\"text1noticias\">ADOCOC inform\u00f3 que dicha premiaci\u00f3n se celebrar\u00e1 el pr\u00f3ximo mes de mayo, y que se tomar\u00e1n en cuenta para fines de premiaci\u00f3n de los nominados, las votaciones del p\u00fablico que quiera participar llenando las hojas\/propuestas que se distribuir\u00e1n en Ministerios, Concilios, Universidades, librer\u00edas, TV, Radio y dem\u00e1s entidades cristianas y\/o entrando a las p\u00e1ginas www.exaltale.com, www.adococ.com, www.elvocerocristiano.com, \u00f3 escribiendo al mail a.adococ@gmial.com.<\/span><\/p>\n<\/p>\n<p><span class=\"text1noticias\">La entidad que agrupa a los comunicadores cristianos\/evang\u00e9licos del pa\u00eds, indic\u00f3 que hasta el momento los nominados competir\u00e1n en 21 renglones, entre los que est\u00e1n Evento del A\u00f1o, Arreglista del A\u00f1o, Artistas Destacados en el Extranjero, Compositor del A\u00f1o, Canci\u00f3n del A\u00f1o, \u00c1lbum Musical del A\u00f1o, Cantante Solista Masculino, Cantante Solista Femenino, Revelaci\u00f3n del A\u00f1o.<\/span><\/p>\n<\/p>\n<p><span class=\"text1noticias\">Asimismo, tambi\u00e9n se premiar\u00e1 la Mejor producci\u00f3n Pop\/Rock\/Fusi\u00f3n, Programa de TV, Locutor del Radio, Video Clip del A\u00f1o, Medios Impresos, Mejor producci\u00f3n urbana, Mejor Grupo o D\u00fao, Producci\u00f3n Coral del A\u00f1o, Mejor portada de \u00c1lbum del A\u00f1o, Mejor P\u00e1gina Web, entre otros.<\/span><\/p>\n<\/p>\n<p><span class=\"text1noticias\">El jurado calificador de dicha premiaci\u00f3n estar\u00e1 compuesto por los miembros de la direcci\u00f3n ejecutiva nacional de ADOCOC, as\u00ed como los coordinadores de las filiales de provincias del organismo cristiano, en el pa\u00eds y el extranjero.<\/span><\/p>\n<\/p>\n<p><span class=\"text1noticias\">Se inform\u00f3 asimismo, mediante un documento de prensa, que la organizaci\u00f3n del evento estar\u00e1 a cargo de una comisi\u00f3n que encabezar\u00e1 Danny Ram\u00edrez, director ejecutivo y secretario de Educaci\u00f3n de ADOCOC, Larissa Soriano, secretaria general, en calidad de vicepresidenta y Garibaldi Asensio, 1er vocal y encargado de eventos art\u00edsticos de ADOCOC.<\/span><\/p>\n<\/p>\n<p><span class=\"text1noticias\">ADOCOC inform\u00f3 asimismo, que en dicha premiaci\u00f3n se tomar\u00e1 en cuenta a todos los cristianos, Ministerios e iglesias que con su arte edifican y llevan sanidad a la sociedad dominicana, al tiempo que aclar\u00f3 que el mismo no se convertir\u00e1 en un producto mercadol\u00f3gico, de intereses y\/o tr\u00e1fico de influencias, como otros reconocimientos seculares.<\/span><\/p>\n<\/p>\n<p><span class=\"text1noticias\">?No pretendemos tampoco imitar otras premiaciones que se hacen en el pa\u00eds, ya que la palabra establece que: Tomad lo bueno y Desechad los malo de cada situaci\u00f3n, por lo que aseguramos la misma se har\u00e1 apegada a los principios cristianos de la Palabra de Dios?, afirm\u00f3 la entidad, y que para mayor informaci\u00f3n, comunicarse al Tel?809-238-9507., Ext?31.<\/span><\/p>\n<h6> 2009-03-12 14:49:03 <\/h6>\n<p><!--\n<link rel=\"stylesheet\" href=\"css\/bootstrap.min.css\">\n\n\n<ul class=\"pagination\">\n\t    \n\t\n\n<li >\n\t<a href='?page_no=21936'>Previous<\/a>\n\t<\/li>\n\n\n       \n    \n\n<li><a href='?page_no=1'>1<\/a><\/li>\n\n\n\n<li><a href='?page_no=2'>2<\/a><\/li>\n\n\n\n<li><a>...<\/a><\/li>\n\n\n\n<li><a href='?page_no=21935'>21935<\/a><\/li>\n\n\n\n<li><a href='?page_no=21936'>21936<\/a><\/li>\n\n\n\n<li class='active'><a>21937<\/a><\/li>\n\n\n\n<li><a href='?page_no=21938'>21938<\/a><\/li>\n\n\n\n<li><a href='?page_no=21939'>21939<\/a><\/li>\n\n\n\n<li><a>...<\/a><\/li>\n\n\n\n<li><a href='?page_no=22911'>22911<\/a><\/li>\n\n\n\n<li><a href='?page_no=22912'>22912<\/a><\/li>\n\n    \n\t\n\n<li >\n\t<a href='?page_no=21938'>Next<\/a>\n\t<\/li>\n\n\n    \n\n<li><a href='?page_no=22912'>Last &rsaquo;&rsaquo;<\/a><\/li>\n\n<\/ul>\n\n\n--><br \/>\n<\/body><\/p>\n","protected":false},"excerpt":{"rendered":"<p>Santo Domingo, R. D.- La Asociaci\u00f3n Dominicana de Comunicadores Cristianos Inc. (ADOCOC), celebrar\u00e1 el pr\u00f3ximo mes de mayo el 1er Premio a la ?Excelencia de las Artes Cristianas?, ?EL GALARDON?, el cual reconocer\u00e1 a los artistas, ministerios, productores y presentadores de Radio y TV del \u00e1rea cristiana. ADOCOC inform\u00f3 que dicha premiaci\u00f3n se celebrar\u00e1 el [&hellip;]<\/p>\n","protected":false},"author":3,"featured_media":0,"comment_status":"open","ping_status":"open","sticky":false,"template":"","format":"standard","meta":{"footnotes":""},"categories":[21],"tags":[],"class_list":["post-70259","post","type-post","status-publish","format-standard","hentry","category-cultura"],"_links":{"self":[{"href":"https:\/\/diariodominicano.com\/index.php?rest_route=\/wp\/v2\/posts\/70259","targetHints":{"allow":["GET"]}}],"collection":[{"href":"https:\/\/diariodominicano.com\/index.php?rest_route=\/wp\/v2\/posts"}],"about":[{"href":"https:\/\/diariodominicano.com\/index.php?rest_route=\/wp\/v2\/types\/post"}],"author":[{"embeddable":true,"href":"https:\/\/diariodominicano.com\/index.php?rest_route=\/wp\/v2\/users\/3"}],"replies":[{"embeddable":true,"href":"https:\/\/diariodominicano.com\/index.php?rest_route=%2Fwp%2Fv2%2Fcomments&post=70259"}],"version-history":[{"count":0,"href":"https:\/\/diariodominicano.com\/index.php?rest_route=\/wp\/v2\/posts\/70259\/revisions"}],"wp:attachment":[{"href":"https:\/\/diariodominicano.com\/index.php?rest_route=%2Fwp%2Fv2%2Fmedia&parent=70259"}],"wp:term":[{"taxonomy":"category","embeddable":true,"href":"https:\/\/diariodominicano.com\/index.php?rest_route=%2Fwp%2Fv2%2Fcategories&post=70259"},{"taxonomy":"post_tag","embeddable":true,"href":"https:\/\/diariodominicano.com\/index.php?rest_route=%2Fwp%2Fv2%2Ftags&post=70259"}],"curies":[{"name":"wp","href":"https:\/\/api.w.org\/{rel}","templated":true}]}}