{"id":70258,"date":"2009-03-12T19:27:01","date_gmt":"2009-03-12T19:27:01","guid":{"rendered":"http:\/\/diariodominicano.ddns.net\/?p=70258"},"modified":"2009-03-12T19:27:01","modified_gmt":"2009-03-12T19:27:01","slug":"vicerrector-extension-uasd-pone-en-circulacion-una-gota-de-razon","status":"publish","type":"post","link":"https:\/\/diariodominicano.com\/?p=70258","title":{"rendered":"Vicerrector Extensi\u00f3n UASD Pone en Circulaci\u00f3n ?Una Gota de Raz\u00f3n?"},"content":{"rendered":"<p><body><\/p>\n<p><img decoding=\"async\" src=\"http:\/\/localhost:8080\/img3\/ninor.jpg\" \/>  <\/p>\n<p><span class=\"text1noticias\">El Auditorio Manuel del Cabral de la Universidad Aut\u00f3noma de Santo Domingo sirvi\u00f3 de escenario  para la puesta en circulaci\u00f3n del libro ?Una Gota de Raz\u00f3n?, del maestro Rafael Nino F\u00e9liz, vicerrector de Extensi\u00f3n de ese centro de altos estudios.<\/span><\/p>\n<\/p>\n<p><span class=\"text1noticias\">Las palabras de bienvenida fueron pronunciadas por el rector, doctor Franklin Garc\u00eda Ferm\u00edn, quien salud\u00f3 la presencia de algunos miembros del cuerpo diplom\u00e1tico acreditado en el pa\u00eds, funcionarios universitarios, profesores, estudiantes y amigos del autor.<\/span><\/p>\n<\/p>\n<p><span class=\"text1noticias\">Al presentar el libro, el poeta y gestor cultural, Mateo Morrison, expres\u00f3 que el acto no era un ritual sino un concierto donde las letras y la m\u00fasica se fusionan en los poemas del maestro Nino F\u00e9liz y se enmarcan en las figuras de artistas de corte social como Jos\u00e9 M\u00e1rmol, Vilma Garc\u00eda, Pamela Pe\u00f1a, ?Jordano? y Carlos Cordero.<\/span><\/p>\n<\/p>\n<p><span class=\"text1noticias\">En el transcurso de la ceremonia el doctor Wilson G\u00f3mez Ram\u00edrez entreg\u00f3 un poema enmarcado al artista Ram\u00f3n Oviedo.  <\/span><\/p>\n<\/p>\n<p><span class=\"text1noticias\">De su lado, el autor explic\u00f3 que ?Una Gota de Raz\u00f3n?  es una obra que recoge poemas variados, sobre todo de corte social, que es su l\u00ednea y poemas rom\u00e1nticos de reciente inspiraci\u00f3n,  excepto ?Canci\u00f3n a Ciudad Nueva?, que tiene quince a\u00f1os y no lo hab\u00eda incluido en ning\u00fan libro. <\/span><\/p>\n<\/p>\n<p><span class=\"text1noticias\">El dise\u00f1o de la portada fue realizado por Denis Mota Alvarez y la pintura que la engalana correspondi\u00f3 al pintor y publicista Orestes Toribio.<\/span><\/p>\n<\/p>\n<p><span class=\"text1noticias\">En la actividad estuvieron presentes, adem\u00e1s de los mencionados, el tambi\u00e9n ex rector Porfirio Garc\u00eda, el ex guerrillero Hamlet Herman, escritores, artistas y p\u00fablico en general.<\/span><\/p>\n<h6> 2009-03-12 19:27:01 <\/h6>\n<p><!--\n<link rel=\"stylesheet\" href=\"css\/bootstrap.min.css\">\n\n\n<ul class=\"pagination\">\n\t    \n\t\n\n<li >\n\t<a href='?page_no=21935'>Previous<\/a>\n\t<\/li>\n\n\n       \n    \n\n<li><a href='?page_no=1'>1<\/a><\/li>\n\n\n\n<li><a href='?page_no=2'>2<\/a><\/li>\n\n\n\n<li><a>...<\/a><\/li>\n\n\n\n<li><a href='?page_no=21934'>21934<\/a><\/li>\n\n\n\n<li><a href='?page_no=21935'>21935<\/a><\/li>\n\n\n\n<li class='active'><a>21936<\/a><\/li>\n\n\n\n<li><a href='?page_no=21937'>21937<\/a><\/li>\n\n\n\n<li><a href='?page_no=21938'>21938<\/a><\/li>\n\n\n\n<li><a>...<\/a><\/li>\n\n\n\n<li><a href='?page_no=22911'>22911<\/a><\/li>\n\n\n\n<li><a href='?page_no=22912'>22912<\/a><\/li>\n\n    \n\t\n\n<li >\n\t<a href='?page_no=21937'>Next<\/a>\n\t<\/li>\n\n\n    \n\n<li><a href='?page_no=22912'>Last &rsaquo;&rsaquo;<\/a><\/li>\n\n<\/ul>\n\n\n--><br \/>\n<\/body><\/p>\n","protected":false},"excerpt":{"rendered":"<p>El Auditorio Manuel del Cabral de la Universidad Aut\u00f3noma de Santo Domingo sirvi\u00f3 de escenario para la puesta en circulaci\u00f3n del libro ?Una Gota de Raz\u00f3n?, del maestro Rafael Nino F\u00e9liz, vicerrector de Extensi\u00f3n de ese centro de altos estudios. Las palabras de bienvenida fueron pronunciadas por el rector, doctor Franklin Garc\u00eda Ferm\u00edn, quien salud\u00f3 [&hellip;]<\/p>\n","protected":false},"author":3,"featured_media":0,"comment_status":"open","ping_status":"open","sticky":false,"template":"","format":"standard","meta":{"footnotes":""},"categories":[21],"tags":[],"class_list":["post-70258","post","type-post","status-publish","format-standard","hentry","category-cultura"],"_links":{"self":[{"href":"https:\/\/diariodominicano.com\/index.php?rest_route=\/wp\/v2\/posts\/70258","targetHints":{"allow":["GET"]}}],"collection":[{"href":"https:\/\/diariodominicano.com\/index.php?rest_route=\/wp\/v2\/posts"}],"about":[{"href":"https:\/\/diariodominicano.com\/index.php?rest_route=\/wp\/v2\/types\/post"}],"author":[{"embeddable":true,"href":"https:\/\/diariodominicano.com\/index.php?rest_route=\/wp\/v2\/users\/3"}],"replies":[{"embeddable":true,"href":"https:\/\/diariodominicano.com\/index.php?rest_route=%2Fwp%2Fv2%2Fcomments&post=70258"}],"version-history":[{"count":0,"href":"https:\/\/diariodominicano.com\/index.php?rest_route=\/wp\/v2\/posts\/70258\/revisions"}],"wp:attachment":[{"href":"https:\/\/diariodominicano.com\/index.php?rest_route=%2Fwp%2Fv2%2Fmedia&parent=70258"}],"wp:term":[{"taxonomy":"category","embeddable":true,"href":"https:\/\/diariodominicano.com\/index.php?rest_route=%2Fwp%2Fv2%2Fcategories&post=70258"},{"taxonomy":"post_tag","embeddable":true,"href":"https:\/\/diariodominicano.com\/index.php?rest_route=%2Fwp%2Fv2%2Ftags&post=70258"}],"curies":[{"name":"wp","href":"https:\/\/api.w.org\/{rel}","templated":true}]}}