{"id":70257,"date":"2009-03-12T19:30:52","date_gmt":"2009-03-12T19:30:52","guid":{"rendered":"http:\/\/diariodominicano.ddns.net\/?p=70257"},"modified":"2009-03-12T19:30:52","modified_gmt":"2009-03-12T19:30:52","slug":"uasd-pone-en-circulacion-obra-didactica-tecnologica-para-la-ensenanza-de-la-historia","status":"publish","type":"post","link":"https:\/\/diariodominicano.com\/?p=70257","title":{"rendered":"UASD Pone en Circulaci\u00f3n Obra ?Did\u00e1ctica Tecnol\u00f3gica para la Ense\u00f1anza de la Historia?."},"content":{"rendered":"<p><body><\/p>\n<p><img decoding=\"async\" src=\"http:\/\/localhost:8080\/img3\/didac.jpg\" \/>  <\/p>\n<p><span class=\"text1noticias\">El libro ?Did\u00e1ctica Tecnol\u00f3gica para la Ense\u00f1anza de la Historia?, de la autor\u00eda de los profesores Jos\u00e9 Francisco Gerardino Paulino y Oliver Ramos Almonte, fue puesto en circulaci\u00f3n en la Biblioteca Pedro Mir de la Universidad Aut\u00f3noma de Santo Domingo.<\/span><\/p>\n<\/p>\n<p><span class=\"text1noticias\">El doctor Jos\u00e9 Mar\u00eda Padilla al presentar obra valor\u00f3 el  aporte de la misma para los universitarios.<\/span><\/p>\n<\/p>\n<p><span class=\"text1noticias\">Mientras que para el coautor del libro, licenciado Ramos Almonte, esta constituye una propuesta diferente, con el objetivo de revisar el modelo tradicional  y contribuir as\u00ed con un nuevo paradigma.<\/span><\/p>\n<\/p>\n<p><span class=\"text1noticias\">El licenciado Gerardino Paulino abord\u00f3 los aspectos t\u00e9cnicos del libro y c\u00f3mo la tecnolog\u00eda puede llevarse en el proceso de investigaci\u00f3n, adem\u00e1s de la ense\u00f1anza aprendizaje.<\/span><\/p>\n<\/p>\n<p><span class=\"text1noticias\">Los temas que se incluyen son ?la historia tradicional y su ense\u00f1anza?, ?la historia cient\u00edfica y los nuevos medios de ense\u00f1anza?, ?los medios electr\u00f3nicos de comunicaci\u00f3n masiva en la ense\u00f1anza-aprendizaje de la historia?, ?\u00bfpara qu\u00e9 usar las tecnolog\u00edas de la informaci\u00f3n y las comunicaciones en la ense\u00f1anza-aprendizaje de la historia??, entre otros.<\/span><\/p>\n<\/p>\n<p><span class=\"text1noticias\">La ceremonia de puesta en circulaci\u00f3n del libro, que consta de 119 p\u00e1ginas y fue impreso en la Editora Serigraf, estuvo encabezada por el vicerrector de Extensi\u00f3n, licenciado Rafael Nino F\u00e9liz, entre otras personalidades. <\/span><\/p>\n<h6> 2009-03-12 19:30:52 <\/h6>\n<p><!--\n<link rel=\"stylesheet\" href=\"css\/bootstrap.min.css\">\n\n\n<ul class=\"pagination\">\n\t    \n\t\n\n<li >\n\t<a href='?page_no=21934'>Previous<\/a>\n\t<\/li>\n\n\n       \n    \n\n<li><a href='?page_no=1'>1<\/a><\/li>\n\n\n\n<li><a href='?page_no=2'>2<\/a><\/li>\n\n\n\n<li><a>...<\/a><\/li>\n\n\n\n<li><a href='?page_no=21933'>21933<\/a><\/li>\n\n\n\n<li><a href='?page_no=21934'>21934<\/a><\/li>\n\n\n\n<li class='active'><a>21935<\/a><\/li>\n\n\n\n<li><a href='?page_no=21936'>21936<\/a><\/li>\n\n\n\n<li><a href='?page_no=21937'>21937<\/a><\/li>\n\n\n\n<li><a>...<\/a><\/li>\n\n\n\n<li><a href='?page_no=22911'>22911<\/a><\/li>\n\n\n\n<li><a href='?page_no=22912'>22912<\/a><\/li>\n\n    \n\t\n\n<li >\n\t<a href='?page_no=21936'>Next<\/a>\n\t<\/li>\n\n\n    \n\n<li><a href='?page_no=22912'>Last &rsaquo;&rsaquo;<\/a><\/li>\n\n<\/ul>\n\n\n--><br \/>\n<\/body><\/p>\n","protected":false},"excerpt":{"rendered":"<p>El libro ?Did\u00e1ctica Tecnol\u00f3gica para la Ense\u00f1anza de la Historia?, de la autor\u00eda de los profesores Jos\u00e9 Francisco Gerardino Paulino y Oliver Ramos Almonte, fue puesto en circulaci\u00f3n en la Biblioteca Pedro Mir de la Universidad Aut\u00f3noma de Santo Domingo. El doctor Jos\u00e9 Mar\u00eda Padilla al presentar obra valor\u00f3 el aporte de la misma para [&hellip;]<\/p>\n","protected":false},"author":3,"featured_media":0,"comment_status":"open","ping_status":"open","sticky":false,"template":"","format":"standard","meta":{"footnotes":""},"categories":[21],"tags":[],"class_list":["post-70257","post","type-post","status-publish","format-standard","hentry","category-cultura"],"_links":{"self":[{"href":"https:\/\/diariodominicano.com\/index.php?rest_route=\/wp\/v2\/posts\/70257","targetHints":{"allow":["GET"]}}],"collection":[{"href":"https:\/\/diariodominicano.com\/index.php?rest_route=\/wp\/v2\/posts"}],"about":[{"href":"https:\/\/diariodominicano.com\/index.php?rest_route=\/wp\/v2\/types\/post"}],"author":[{"embeddable":true,"href":"https:\/\/diariodominicano.com\/index.php?rest_route=\/wp\/v2\/users\/3"}],"replies":[{"embeddable":true,"href":"https:\/\/diariodominicano.com\/index.php?rest_route=%2Fwp%2Fv2%2Fcomments&post=70257"}],"version-history":[{"count":0,"href":"https:\/\/diariodominicano.com\/index.php?rest_route=\/wp\/v2\/posts\/70257\/revisions"}],"wp:attachment":[{"href":"https:\/\/diariodominicano.com\/index.php?rest_route=%2Fwp%2Fv2%2Fmedia&parent=70257"}],"wp:term":[{"taxonomy":"category","embeddable":true,"href":"https:\/\/diariodominicano.com\/index.php?rest_route=%2Fwp%2Fv2%2Fcategories&post=70257"},{"taxonomy":"post_tag","embeddable":true,"href":"https:\/\/diariodominicano.com\/index.php?rest_route=%2Fwp%2Fv2%2Ftags&post=70257"}],"curies":[{"name":"wp","href":"https:\/\/api.w.org\/{rel}","templated":true}]}}