{"id":70255,"date":"2009-03-12T23:17:25","date_gmt":"2009-03-12T23:17:25","guid":{"rendered":"http:\/\/diariodominicano.ddns.net\/?p=70255"},"modified":"2009-03-12T23:17:25","modified_gmt":"2009-03-12T23:17:25","slug":"ayuntamiento-de-barahona-aporta-100-mil-pesos-para-carnaval","status":"publish","type":"post","link":"https:\/\/diariodominicano.com\/?p=70255","title":{"rendered":"Ayuntamiento de Barahona aporta 100 mil pesos para carnaval"},"content":{"rendered":"<p><body><\/p>\n<p><span class=\"text1noticias\">POR TEUDDY A. SANCHEZ.<\/span><\/p>\n<\/p>\n<p><span class=\"text1noticias\">BARAHONA.- El ayuntamiento de esta ciudad, aportar\u00e1 100 mil pesos al comit\u00e9 organizador del carnaval, a celebrarse el 21 de este mes.<\/span><\/p>\n<\/p>\n<p><span class=\"text1noticias\">La informaci\u00f3n fue dada a conocer por el s\u00edndico de este municipio, doctor Noel Octavio Suberv\u00ed Nin quien dijo que el aporte fue aprobado por los regidores.<\/span><\/p>\n<\/p>\n<p><span class=\"text1noticias\">El carnaval de esta ciudad, se realizar\u00e1 en el malec\u00f3n de la avenida Enriquillo, este s\u00e1bado 21, a partir de las 3:00 de la tarde.<\/span><\/p>\n<p><span class=\"text1noticias\">.<\/span><\/p>\n<p><span class=\"text1noticias\">El ejecutivo municipal dijo que este aporte se realiza con el inter\u00e9s de mantener vivas las viejas tradiciones de esta comunidad.<\/span><\/p>\n<\/p>\n<p><span class=\"text1noticias\">Mientras que el presidente del comit\u00e9 organizador, Manolo Fern\u00e1ndez agradeci\u00f3 el aporte realizado por el ejecutivo municipal y los ediles para dicho magno <\/span><\/p>\n<\/p>\n<p><span class=\"text1noticias\">\tFern\u00e1ndez prometi\u00f3 organizar una gran actividad y espect\u00e1culo en beneficio  de los barahoneros.<\/span><\/p>\n<h6> 2009-03-12 23:17:25 <\/h6>\n<p><!--\n<link rel=\"stylesheet\" href=\"css\/bootstrap.min.css\">\n\n\n<ul class=\"pagination\">\n\t    \n\t\n\n<li >\n\t<a href='?page_no=21932'>Previous<\/a>\n\t<\/li>\n\n\n       \n    \n\n<li><a href='?page_no=1'>1<\/a><\/li>\n\n\n\n<li><a href='?page_no=2'>2<\/a><\/li>\n\n\n\n<li><a>...<\/a><\/li>\n\n\n\n<li><a href='?page_no=21931'>21931<\/a><\/li>\n\n\n\n<li><a href='?page_no=21932'>21932<\/a><\/li>\n\n\n\n<li class='active'><a>21933<\/a><\/li>\n\n\n\n<li><a href='?page_no=21934'>21934<\/a><\/li>\n\n\n\n<li><a href='?page_no=21935'>21935<\/a><\/li>\n\n\n\n<li><a>...<\/a><\/li>\n\n\n\n<li><a href='?page_no=22911'>22911<\/a><\/li>\n\n\n\n<li><a href='?page_no=22912'>22912<\/a><\/li>\n\n    \n\t\n\n<li >\n\t<a href='?page_no=21934'>Next<\/a>\n\t<\/li>\n\n\n    \n\n<li><a href='?page_no=22912'>Last &rsaquo;&rsaquo;<\/a><\/li>\n\n<\/ul>\n\n\n--><br \/>\n<\/body><\/p>\n","protected":false},"excerpt":{"rendered":"<p>POR TEUDDY A. SANCHEZ. BARAHONA.- El ayuntamiento de esta ciudad, aportar\u00e1 100 mil pesos al comit\u00e9 organizador del carnaval, a celebrarse el 21 de este mes. La informaci\u00f3n fue dada a conocer por el s\u00edndico de este municipio, doctor Noel Octavio Suberv\u00ed Nin quien dijo que el aporte fue aprobado por los regidores. El carnaval [&hellip;]<\/p>\n","protected":false},"author":3,"featured_media":0,"comment_status":"open","ping_status":"open","sticky":false,"template":"","format":"standard","meta":{"footnotes":""},"categories":[21],"tags":[],"class_list":["post-70255","post","type-post","status-publish","format-standard","hentry","category-cultura"],"_links":{"self":[{"href":"https:\/\/diariodominicano.com\/index.php?rest_route=\/wp\/v2\/posts\/70255","targetHints":{"allow":["GET"]}}],"collection":[{"href":"https:\/\/diariodominicano.com\/index.php?rest_route=\/wp\/v2\/posts"}],"about":[{"href":"https:\/\/diariodominicano.com\/index.php?rest_route=\/wp\/v2\/types\/post"}],"author":[{"embeddable":true,"href":"https:\/\/diariodominicano.com\/index.php?rest_route=\/wp\/v2\/users\/3"}],"replies":[{"embeddable":true,"href":"https:\/\/diariodominicano.com\/index.php?rest_route=%2Fwp%2Fv2%2Fcomments&post=70255"}],"version-history":[{"count":0,"href":"https:\/\/diariodominicano.com\/index.php?rest_route=\/wp\/v2\/posts\/70255\/revisions"}],"wp:attachment":[{"href":"https:\/\/diariodominicano.com\/index.php?rest_route=%2Fwp%2Fv2%2Fmedia&parent=70255"}],"wp:term":[{"taxonomy":"category","embeddable":true,"href":"https:\/\/diariodominicano.com\/index.php?rest_route=%2Fwp%2Fv2%2Fcategories&post=70255"},{"taxonomy":"post_tag","embeddable":true,"href":"https:\/\/diariodominicano.com\/index.php?rest_route=%2Fwp%2Fv2%2Ftags&post=70255"}],"curies":[{"name":"wp","href":"https:\/\/api.w.org\/{rel}","templated":true}]}}