{"id":70254,"date":"2009-03-13T15:42:45","date_gmt":"2009-03-13T15:42:45","guid":{"rendered":"http:\/\/diariodominicano.ddns.net\/?p=70254"},"modified":"2009-03-13T15:42:45","modified_gmt":"2009-03-13T15:42:45","slug":"voces-dominicanas-en-unapec-reconoce-aportes-premios-nacionales-de-literatura","status":"publish","type":"post","link":"https:\/\/diariodominicano.com\/?p=70254","title":{"rendered":"Voces Dominicanas en UNAPEC Reconoce aportes premios nacionales de literatura"},"content":{"rendered":"<p><body><\/p>\n<p><img decoding=\"async\" src=\"http:\/\/localhost:8080\/img3\/galado.jpg\" \/>  <\/p>\n<p><span class=\"text1noticias\">La Universidad APEC y la Fundaci\u00f3n Corripio dar\u00e1n a conocer este mi\u00e9rcoles la colecci\u00f3n Voces Dominicanas en UNAPEC con la que se pretende perpetuar el aporte al afianzamiento de los valores nacionales de cinco premios nacionales de literatura, a trav\u00e9s de sus voces.<\/span><\/p>\n<\/p>\n<p><span class=\"text1noticias\">Los  discos compactos contienen los audios de Marcio Veloz Magiolo, Mariano Lebr\u00f3n Savi\u00f1\u00f3n, Lupo Hern\u00e1ndez Rueda, Andr\u00e9s L. Mateo y Di\u00f3genes C\u00e9spedes. En cada CD los laureados escritores leen trozos de sus obras, poemas, segmentos de sus novelas, cuentos y narran su vida. <\/span><\/p>\n<\/p>\n<p><span class=\"text1noticias\">Con esta colecci\u00f3n se busca ofrecerle a la sociedad dominicana los ?testimonios de intelectuales que han contribuido a afianzar los valores sobre los que se empina la historia de la naci\u00f3n?, se\u00f1al\u00f3 Justo Pedro Castellanos, rector de UNAPEC.  Castellanos agreg\u00f3 que de esta forma se pretende ?perpetuar en la propia voz de sus protagonistas, un trozo de la historia individual que haya trascendido a la colectividad?.  <\/span><\/p>\n<\/p>\n<p><span class=\"text1noticias\">A\u00f1adi\u00f3 que este aporte es fundamental, ya que ?la vertiginosidad de la vida posmoderna se caracteriza por su fabulosa capacidad para construir el olvido?, por lo que se hace necesario que la voz-testimonio de estos premios nacionales de literatura quede plasmada para la posteridad. ?Estos actores de nuestra historia contempor\u00e1nea quedar\u00e1n esculpidos aqu\u00ed, cincelados  en su propia voz-testimonio, como parte de esa larga traves\u00eda espiritual que hemos recorrido para alcanzar el estatus de naci\u00f3n?, concluye Castellanos.<\/span><\/p>\n<\/p>\n<p><span class=\"text1noticias\">La coordinaci\u00f3n y direcci\u00f3n de esta colecci\u00f3n estuvo a cargo de la Vicerrector\u00eda Acad\u00e9mica y el Decanato de Artes y Comunicaci\u00f3n de la Universidad APEC. Fueron utilizadas las instalaciones del m\u00f3dulo de grabaci\u00f3n y edici\u00f3n digital de UNAPEC. Abad L\u00f3pez fue el t\u00e9cnico que estuvo a cargo de la grabaci\u00f3n y edici\u00f3n del sonido. <\/span><\/p>\n<h6> 2009-03-13 15:42:45 <\/h6>\n<p><!--\n<link rel=\"stylesheet\" href=\"css\/bootstrap.min.css\">\n\n\n<ul class=\"pagination\">\n\t    \n\t\n\n<li >\n\t<a href='?page_no=21931'>Previous<\/a>\n\t<\/li>\n\n\n       \n    \n\n<li><a href='?page_no=1'>1<\/a><\/li>\n\n\n\n<li><a href='?page_no=2'>2<\/a><\/li>\n\n\n\n<li><a>...<\/a><\/li>\n\n\n\n<li><a href='?page_no=21930'>21930<\/a><\/li>\n\n\n\n<li><a href='?page_no=21931'>21931<\/a><\/li>\n\n\n\n<li class='active'><a>21932<\/a><\/li>\n\n\n\n<li><a href='?page_no=21933'>21933<\/a><\/li>\n\n\n\n<li><a href='?page_no=21934'>21934<\/a><\/li>\n\n\n\n<li><a>...<\/a><\/li>\n\n\n\n<li><a href='?page_no=22911'>22911<\/a><\/li>\n\n\n\n<li><a href='?page_no=22912'>22912<\/a><\/li>\n\n    \n\t\n\n<li >\n\t<a href='?page_no=21933'>Next<\/a>\n\t<\/li>\n\n\n    \n\n<li><a href='?page_no=22912'>Last &rsaquo;&rsaquo;<\/a><\/li>\n\n<\/ul>\n\n\n--><br \/>\n<\/body><\/p>\n","protected":false},"excerpt":{"rendered":"<p>La Universidad APEC y la Fundaci\u00f3n Corripio dar\u00e1n a conocer este mi\u00e9rcoles la colecci\u00f3n Voces Dominicanas en UNAPEC con la que se pretende perpetuar el aporte al afianzamiento de los valores nacionales de cinco premios nacionales de literatura, a trav\u00e9s de sus voces. Los discos compactos contienen los audios de Marcio Veloz Magiolo, Mariano Lebr\u00f3n [&hellip;]<\/p>\n","protected":false},"author":3,"featured_media":0,"comment_status":"open","ping_status":"open","sticky":false,"template":"","format":"standard","meta":{"footnotes":""},"categories":[21],"tags":[],"class_list":["post-70254","post","type-post","status-publish","format-standard","hentry","category-cultura"],"_links":{"self":[{"href":"https:\/\/diariodominicano.com\/index.php?rest_route=\/wp\/v2\/posts\/70254","targetHints":{"allow":["GET"]}}],"collection":[{"href":"https:\/\/diariodominicano.com\/index.php?rest_route=\/wp\/v2\/posts"}],"about":[{"href":"https:\/\/diariodominicano.com\/index.php?rest_route=\/wp\/v2\/types\/post"}],"author":[{"embeddable":true,"href":"https:\/\/diariodominicano.com\/index.php?rest_route=\/wp\/v2\/users\/3"}],"replies":[{"embeddable":true,"href":"https:\/\/diariodominicano.com\/index.php?rest_route=%2Fwp%2Fv2%2Fcomments&post=70254"}],"version-history":[{"count":0,"href":"https:\/\/diariodominicano.com\/index.php?rest_route=\/wp\/v2\/posts\/70254\/revisions"}],"wp:attachment":[{"href":"https:\/\/diariodominicano.com\/index.php?rest_route=%2Fwp%2Fv2%2Fmedia&parent=70254"}],"wp:term":[{"taxonomy":"category","embeddable":true,"href":"https:\/\/diariodominicano.com\/index.php?rest_route=%2Fwp%2Fv2%2Fcategories&post=70254"},{"taxonomy":"post_tag","embeddable":true,"href":"https:\/\/diariodominicano.com\/index.php?rest_route=%2Fwp%2Fv2%2Ftags&post=70254"}],"curies":[{"name":"wp","href":"https:\/\/api.w.org\/{rel}","templated":true}]}}