{"id":70253,"date":"2009-03-13T15:45:45","date_gmt":"2009-03-13T15:45:45","guid":{"rendered":"http:\/\/diariodominicano.ddns.net\/?p=70253"},"modified":"2009-03-13T15:45:45","modified_gmt":"2009-03-13T15:45:45","slug":"con-reconocidos-teatristas-nacionales-cultura-anuncia-muestra-de-teatro-dominicano","status":"publish","type":"post","link":"https:\/\/diariodominicano.com\/?p=70253","title":{"rendered":"Con reconocidos teatristas nacionales Cultura anuncia Muestra de Teatro Dominicano"},"content":{"rendered":"<p><body><\/p>\n<p><img decoding=\"async\" src=\"http:\/\/localhost:8080\/img3\/teato.jpg\" \/>  <\/p>\n<p><span class=\"text1noticias\">(en XVII Marzo Teatral)<\/span><\/p>\n<\/p>\n<p><span class=\"text1noticias\">Con la participaci\u00f3n de las principales figuras del teatro dominicano y en el marco del XVII Marzo Teatral, la Secretar\u00eda de Estado de Cultura presentar\u00e1   la ?Muestra de Teatro Dominicano?, inaugurando el evento con la obra ?Asalto Pirata?,  el pr\u00f3ximo lunes 16, a las 5:00 de la tarde, en la Sala Monina Sol\u00e1 del Centro Cultural Narciso Gonz\u00e1lez, a cargo del Teatro Rodante Dominicano.<\/span><\/p>\n<\/p>\n<p><span class=\"text1noticias\">El evento teatral contar\u00e1 con la exhibici\u00f3n de ocho obras teatrales que ser\u00e1n presentadas al p\u00fablico desde el lunes 16 al 31 del presente mes de marzo. Entre las piezas teatrales est\u00e1n: ?Ojal\u00e1 hoy fuera ayer? de Frankl\u00edn Dom\u00ednguez; ?Nuestra se\u00f1ora de las nubes? de Ar\u00edtides Vargas, Bajo la direcci\u00f3n de Claudio Rivera, que cuenta con cuatro nominaciones a los pr\u00f3ximos Premios Casandra; ?Opera Piedra? de Radham\u00e9s Polanco; ?Barrio 7 Tumbas? de Giovanny Cruz; ?Al garete? de Dionis Rufino y ?La mu\u00f1eca abandonada? de Fausto Grull\u00f3n.<\/span><\/p>\n<\/p>\n<p><span class=\"text1noticias\">La informaci\u00f3n fue dada mediante una Rueda de Prensa por Basilio Nova, Director General del evento cultural que especific\u00f3 que las funciones de teatro ser\u00e1n presentadas en diferentes teatros de la ciudad, entre ellos Teatro Nacional, Sala M\u00e1ximo Avil\u00e9s Blonda de Bellas Artes, Sala del Teatro Guloya, Teatro Monina Sol\u00e1 y el Teatro Luna, ubicado este \u00faltimo en el barrio Mejoramiento Social. Las funciones ser\u00e1n gratuitas para todo el p\u00fablico dominicano.<\/span><\/p>\n<\/p>\n<p><span class=\"text1noticias\">Actores de la talla de Monina Sol\u00e1, Iv\u00e1n Garc\u00eda, Salvador P\u00e9rez Mart\u00ednez (El Pera), Franklin Dom\u00ednguez, Augusto Feria, Carlota Carretero, Claudio Rivera, Viena Gonz\u00e1lez, Giovanny Cruz, Dionis Rufino, Giamilka Rom\u00e1n, y la reconocida comediante Lumy Lizardo, entre otras destacadas figuras.<\/span><\/p>\n<p><span class=\"text1noticias\"> <\/span><\/p>\n<p><span class=\"text1noticias\">Nova dijo que la jornada se realiza con el inter\u00e9s de que  el p\u00fablico pueda disfrutar del teatro dominicano, y que aprecie las obras dirigidas exclusivamente por reconocidos teatristas nacionales.<\/span><\/p>\n<\/p>\n<p><span class=\"text1noticias\">Los horarios de las funciones ser\u00e1n 5:00 de la tarde, 7:00 de la noche y 8:30 de la noche.<\/span><\/p>\n<\/p>\n<p><span class=\"text1noticias\">Marzo Teatral es un evento establecido por XVII a\u00f1os consecutivos, lo que ha puesto al pa\u00eds a tono con los dem\u00e1s pa\u00edses que celebran con distintas manifestaciones el D\u00eda del Teatro, establecido por la Unesco, y que en el pa\u00eds cuenta con su declaratoria, siendo el 27 de marzo el D\u00eda del Teatro Dominicano.<\/span><\/p>\n<h6> 2009-03-13 15:45:45 <\/h6>\n<p><!--\n<link rel=\"stylesheet\" href=\"css\/bootstrap.min.css\">\n\n\n<ul class=\"pagination\">\n\t    \n\t\n\n<li >\n\t<a href='?page_no=21930'>Previous<\/a>\n\t<\/li>\n\n\n       \n    \n\n<li><a href='?page_no=1'>1<\/a><\/li>\n\n\n\n<li><a href='?page_no=2'>2<\/a><\/li>\n\n\n\n<li><a>...<\/a><\/li>\n\n\n\n<li><a href='?page_no=21929'>21929<\/a><\/li>\n\n\n\n<li><a href='?page_no=21930'>21930<\/a><\/li>\n\n\n\n<li class='active'><a>21931<\/a><\/li>\n\n\n\n<li><a href='?page_no=21932'>21932<\/a><\/li>\n\n\n\n<li><a href='?page_no=21933'>21933<\/a><\/li>\n\n\n\n<li><a>...<\/a><\/li>\n\n\n\n<li><a href='?page_no=22911'>22911<\/a><\/li>\n\n\n\n<li><a href='?page_no=22912'>22912<\/a><\/li>\n\n    \n\t\n\n<li >\n\t<a href='?page_no=21932'>Next<\/a>\n\t<\/li>\n\n\n    \n\n<li><a href='?page_no=22912'>Last &rsaquo;&rsaquo;<\/a><\/li>\n\n<\/ul>\n\n\n--><br \/>\n<\/body><\/p>\n","protected":false},"excerpt":{"rendered":"<p>(en XVII Marzo Teatral) Con la participaci\u00f3n de las principales figuras del teatro dominicano y en el marco del XVII Marzo Teatral, la Secretar\u00eda de Estado de Cultura presentar\u00e1 la ?Muestra de Teatro Dominicano?, inaugurando el evento con la obra ?Asalto Pirata?, el pr\u00f3ximo lunes 16, a las 5:00 de la tarde, en la Sala [&hellip;]<\/p>\n","protected":false},"author":3,"featured_media":0,"comment_status":"open","ping_status":"open","sticky":false,"template":"","format":"standard","meta":{"footnotes":""},"categories":[21],"tags":[],"class_list":["post-70253","post","type-post","status-publish","format-standard","hentry","category-cultura"],"_links":{"self":[{"href":"https:\/\/diariodominicano.com\/index.php?rest_route=\/wp\/v2\/posts\/70253","targetHints":{"allow":["GET"]}}],"collection":[{"href":"https:\/\/diariodominicano.com\/index.php?rest_route=\/wp\/v2\/posts"}],"about":[{"href":"https:\/\/diariodominicano.com\/index.php?rest_route=\/wp\/v2\/types\/post"}],"author":[{"embeddable":true,"href":"https:\/\/diariodominicano.com\/index.php?rest_route=\/wp\/v2\/users\/3"}],"replies":[{"embeddable":true,"href":"https:\/\/diariodominicano.com\/index.php?rest_route=%2Fwp%2Fv2%2Fcomments&post=70253"}],"version-history":[{"count":0,"href":"https:\/\/diariodominicano.com\/index.php?rest_route=\/wp\/v2\/posts\/70253\/revisions"}],"wp:attachment":[{"href":"https:\/\/diariodominicano.com\/index.php?rest_route=%2Fwp%2Fv2%2Fmedia&parent=70253"}],"wp:term":[{"taxonomy":"category","embeddable":true,"href":"https:\/\/diariodominicano.com\/index.php?rest_route=%2Fwp%2Fv2%2Fcategories&post=70253"},{"taxonomy":"post_tag","embeddable":true,"href":"https:\/\/diariodominicano.com\/index.php?rest_route=%2Fwp%2Fv2%2Ftags&post=70253"}],"curies":[{"name":"wp","href":"https:\/\/api.w.org\/{rel}","templated":true}]}}