{"id":70251,"date":"2009-03-13T16:39:58","date_gmt":"2009-03-13T16:39:58","guid":{"rendered":"http:\/\/diariodominicano.ddns.net\/?p=70251"},"modified":"2009-03-13T16:39:58","modified_gmt":"2009-03-13T16:39:58","slug":"el-padre-ignacio-larranaga-viene-al-encuentro-contigo-en-su-gira-mundial","status":"publish","type":"post","link":"https:\/\/diariodominicano.com\/?p=70251","title":{"rendered":"El padre Ignacio Larra\u00f1aga viene ?Al encuentro contigo? en su gira mundial"},"content":{"rendered":"<p><body><\/p>\n<p><span class=\"text1noticias\">SANTO DOMINGO.- Del 13 al 17 de septiembre la Rep\u00fablica Dominicana recibir\u00e1 al reconocido padre Ignacio Larra\u00f1aga, quien ofrecer\u00e1 un ciclo de conferencias en Santo Domingo y Santiago como parte de su gira ?Al encuentro contigo?.<\/span><\/p>\n<\/p>\n<p><span class=\"text1noticias\">Larra\u00f1aga es un sacerdote franciscano-capuchino originario del Pa\u00eds Vasco, que ha desarrollado una amplia labor animadora y evangelizadora durante 35 a\u00f1os en todo el mundo.<\/span><\/p>\n<\/p>\n<p><span class=\"text1noticias\">La primera conferencia de Larra\u00f1aga se titula ?Jesucristo trans-hist\u00f3rico?, pautada para el viernes 13  de 7:00 a 10:00 de la noche en la Parroquia Universitaria Sant\u00edsima Trinidad, dirigida a dirigentes cristianos, profesores universitarios, maestros y p\u00fablico en general.<\/span><\/p>\n<\/p>\n<p><span class=\"text1noticias\">Al d\u00eda siguiente el sacerdote expondr\u00e1 sobre ?Familia, sociedad y convivencia con justicia y solidaridad?, de 2:30 a 6:00 de la tarde en el Coliseo Carlos Teo Cruz, dirigido a p\u00fablico en general. Ambas actividades se realizar\u00e1n totalmente gratis y se obsequiar\u00e1 el libro ?Senda?, autor\u00eda de Larra\u00f1aga.<\/span><\/p>\n<\/p>\n<p><span class=\"text1noticias\">Del mismo modo, el lunes 16 de 8:00 a 10:00 de la ma\u00f1ana disertar\u00e1 sobre ?Sembradores de esperanza en tiempo de crisis? en el sal\u00f3n Gran Embajador, del hotel El Embajador. En esta actividad el donativo es de 500 pesos por solicitud de invitaci\u00f3n. Ese mismo d\u00eda, pero de 7:00 a 10:00 de la noche, estar\u00e1 en el Auditorio del Colegio Sagrado Coraz\u00f3n de Jes\u00fas, de Santiago.<\/span><\/p>\n<\/p>\n<p><span class=\"text1noticias\">Mientras que el martes 17, finalizar\u00e1 el ciclo con la charla ?Al encuentro contigo?, de 8:00 a 10:00 de la noche dirigida a dirigentes sociales, pol\u00edticos, funcionarios civiles y militares, en el auditorio Enriquillo S\u00e1nchez, de la Secretar\u00eda de Estado de Cultura, en el Malec\u00f3n.<\/span><\/p>\n<\/p>\n<p><span class=\"text1noticias\">Sus libros, discos, videos, presentaciones personales en los ?Encuentros de experiencia de Dios? y la fundaci\u00f3n de su obra cumbre ?Talleres de oraci\u00f3n y vida (TOV)? lo han convertido, no solo en el autor cat\u00f3lico m\u00e1s le\u00eddo en el mundo, sino en un hombre de profunda espiritualidad y riqueza de contenidos.<\/span><\/p>\n<\/p>\n<p><span class=\"text1noticias\">Sus pl\u00e1ticas y conferencias han convocado a miles de personas como la de Monterrey, M\u00e9xico en la Semana Santa de 2008, donde durante tres d\u00edas cerca de 8,000 personas asistieron a sus exposiciones y sesiones de preguntas y respuestas.<\/span><\/p>\n<\/p>\n<p><span class=\"text1noticias\">Autor de m\u00e1s de una docena de libros que han sido traducidos a m\u00e1s de diez idiomas, ha tenido una enorme influencia con su pedagog\u00eda que vincula la oraci\u00f3n con la vida concreta, especialmente, con la vida de matrimonio.<\/span><\/p>\n<\/p>\n<p><span class=\"text1noticias\">Es autor de uno de los libros de espiritualidad de m\u00e1s \u00e9xito en estos momentos, ?El arte de ser feliz? (Libros Libres), que ya ha llegado a su s\u00e9ptima edici\u00f3n, con el que pretende ayudar al hombre moderno a salir de su angustia y encontrar la felicidad.<\/span><\/p>\n<\/p>\n<p><span class=\"text1noticias\">Entre otros t\u00edtulos de su autor\u00eda figuran: ?Del Sufrimiento a la paz?, ?El Hermano de As\u00eds?, ?El Sentido de la vida? y ?Mu\u00e9strame tu rostro?. <\/span><\/p>\n<\/p>\n<p><span class=\"text1noticias\">Para mas informaci\u00f3n llamar a los tel\u00e9fonos: 809-481-6131\/809-601-6655\/809-224-7282\/809-763-7046\/809-519-0919\/-809-5456543. <\/span><\/p>\n<h6> 2009-03-13 16:39:58 <\/h6>\n<p><!--\n<link rel=\"stylesheet\" href=\"css\/bootstrap.min.css\">\n\n\n<ul class=\"pagination\">\n\t    \n\t\n\n<li >\n\t<a href='?page_no=21928'>Previous<\/a>\n\t<\/li>\n\n\n       \n    \n\n<li><a href='?page_no=1'>1<\/a><\/li>\n\n\n\n<li><a href='?page_no=2'>2<\/a><\/li>\n\n\n\n<li><a>...<\/a><\/li>\n\n\n\n<li><a href='?page_no=21927'>21927<\/a><\/li>\n\n\n\n<li><a href='?page_no=21928'>21928<\/a><\/li>\n\n\n\n<li class='active'><a>21929<\/a><\/li>\n\n\n\n<li><a href='?page_no=21930'>21930<\/a><\/li>\n\n\n\n<li><a href='?page_no=21931'>21931<\/a><\/li>\n\n\n\n<li><a>...<\/a><\/li>\n\n\n\n<li><a href='?page_no=22911'>22911<\/a><\/li>\n\n\n\n<li><a href='?page_no=22912'>22912<\/a><\/li>\n\n    \n\t\n\n<li >\n\t<a href='?page_no=21930'>Next<\/a>\n\t<\/li>\n\n\n    \n\n<li><a href='?page_no=22912'>Last &rsaquo;&rsaquo;<\/a><\/li>\n\n<\/ul>\n\n\n--><br \/>\n<\/body><\/p>\n","protected":false},"excerpt":{"rendered":"<p>SANTO DOMINGO.- Del 13 al 17 de septiembre la Rep\u00fablica Dominicana recibir\u00e1 al reconocido padre Ignacio Larra\u00f1aga, quien ofrecer\u00e1 un ciclo de conferencias en Santo Domingo y Santiago como parte de su gira ?Al encuentro contigo?. Larra\u00f1aga es un sacerdote franciscano-capuchino originario del Pa\u00eds Vasco, que ha desarrollado una amplia labor animadora y evangelizadora durante [&hellip;]<\/p>\n","protected":false},"author":3,"featured_media":0,"comment_status":"open","ping_status":"open","sticky":false,"template":"","format":"standard","meta":{"footnotes":""},"categories":[21],"tags":[],"class_list":["post-70251","post","type-post","status-publish","format-standard","hentry","category-cultura"],"_links":{"self":[{"href":"https:\/\/diariodominicano.com\/index.php?rest_route=\/wp\/v2\/posts\/70251","targetHints":{"allow":["GET"]}}],"collection":[{"href":"https:\/\/diariodominicano.com\/index.php?rest_route=\/wp\/v2\/posts"}],"about":[{"href":"https:\/\/diariodominicano.com\/index.php?rest_route=\/wp\/v2\/types\/post"}],"author":[{"embeddable":true,"href":"https:\/\/diariodominicano.com\/index.php?rest_route=\/wp\/v2\/users\/3"}],"replies":[{"embeddable":true,"href":"https:\/\/diariodominicano.com\/index.php?rest_route=%2Fwp%2Fv2%2Fcomments&post=70251"}],"version-history":[{"count":0,"href":"https:\/\/diariodominicano.com\/index.php?rest_route=\/wp\/v2\/posts\/70251\/revisions"}],"wp:attachment":[{"href":"https:\/\/diariodominicano.com\/index.php?rest_route=%2Fwp%2Fv2%2Fmedia&parent=70251"}],"wp:term":[{"taxonomy":"category","embeddable":true,"href":"https:\/\/diariodominicano.com\/index.php?rest_route=%2Fwp%2Fv2%2Fcategories&post=70251"},{"taxonomy":"post_tag","embeddable":true,"href":"https:\/\/diariodominicano.com\/index.php?rest_route=%2Fwp%2Fv2%2Ftags&post=70251"}],"curies":[{"name":"wp","href":"https:\/\/api.w.org\/{rel}","templated":true}]}}