{"id":70249,"date":"2009-03-16T15:16:25","date_gmt":"2009-03-16T15:16:25","guid":{"rendered":"http:\/\/diariodominicano.ddns.net\/?p=70249"},"modified":"2009-03-16T15:16:25","modified_gmt":"2009-03-16T15:16:25","slug":"uasd-sera-sede-semana-de-la-francofonia","status":"publish","type":"post","link":"https:\/\/diariodominicano.com\/?p=70249","title":{"rendered":"UASD ser\u00e1 sede Semana de la Francofon\u00eda"},"content":{"rendered":"<p><body><\/p>\n<p><img decoding=\"async\" src=\"http:\/\/localhost:8080\/img3\/francos.jpg\" \/>  <\/p>\n<p><span class=\"text1noticias\">Universidad Aut\u00f3noma de Santo Domingo ser\u00e1 sede de la celebraci\u00f3n de la Semana de la Francofon\u00eda, con la presencia de distintos pa\u00edses de habla francesa, en un evento coordinado a trav\u00e9s de la escuela de Idiomas de la Facultad de Humanidades. <\/span><\/p>\n<\/p>\n<p><span class=\"text1noticias\">La informaci\u00f3n la ofreci\u00f3 el rector de la UASD, doctor Franklin Garc\u00eda Ferm\u00edn, junto al  director de esa escuela, maestro Ram\u00f3n Rodr\u00edguez, quienes informaron que la actividad se realizar\u00e1 del 16 al 24 de marzo, en la biblioteca Pedro Mir y tiene como objetivo difundir la cultura de los pa\u00edses donde se habla esa lengua. <\/span><\/p>\n<\/p>\n<p><span class=\"text1noticias\">El rector de la academia valor\u00f3 las actividades, llamando al estudiantado, al profesorado y a los dem\u00e1s sectores que componen la vida universitaria a participar activamente en las acciones que se llevar\u00e1 a cabo en todo el campus universitario.<\/span><\/p>\n<\/p>\n<p><span class=\"text1noticias\">Mientras que Rodr\u00edguez inform\u00f3 que el evento reunir\u00e1 a los embajadores de las naciones franc\u00f3fonas y otras personalidades afines y agreg\u00f3 que la actividad consiste en la realizaci\u00f3n de charlas, exposici\u00f3n de fotograf\u00edas, seminarios y conferencias, puestas en circulaci\u00f3n de libros, entre otras actividades. <\/span><\/p>\n<\/p>\n<p><span class=\"text1noticias\">Entre los pa\u00edses franc\u00f3fonos de Am\u00e9rica que estar\u00e1n presentes en el evento se destacan: Hait\u00ed, Dominica, Canad\u00e1 y Santa Lucia, Martinica, Guadalupe, Guayana Francesa y al mismo tiempo participar\u00e1n representaciones de Suiza y Francia.<\/span><\/p>\n<\/p>\n<p><span class=\"text1noticias\">La lengua francesa es oficial en una gama de pa\u00edses, entre los que figuran: Francia, M\u00f3naco, B\u00e9lgica, Suiza, Luxemburgo, Canad\u00e1, Guadalupe, Rep\u00fablica Democr\u00e1tica del Congo (ex Zaire), Camboya, Rep\u00fablica Popular del Congo, Chad, Burkina Faso, Senegal.<\/span><\/p>\n<\/p>\n<p><span class=\"text1noticias\">Igualmente, Guinea, Mauritania, N\u00edger, Burundi, Ruanda, Togo, Ben\u00edn, Rep\u00fablica Centroafricana, Gab\u00f3n, Costa de Marfil, Laos, Madagascar, Camer\u00fan, islas Comoras, El Valle de Aosta (Italia), Reuni\u00f3n, Polinesia francesa, Nueva Caledonia y Vanuatu.<\/span><\/p>\n<h6> 2009-03-16 15:16:25 <\/h6>\n<p><!--\n<link rel=\"stylesheet\" href=\"css\/bootstrap.min.css\">\n\n\n<ul class=\"pagination\">\n\t    \n\t\n\n<li >\n\t<a href='?page_no=21926'>Previous<\/a>\n\t<\/li>\n\n\n       \n    \n\n<li><a href='?page_no=1'>1<\/a><\/li>\n\n\n\n<li><a href='?page_no=2'>2<\/a><\/li>\n\n\n\n<li><a>...<\/a><\/li>\n\n\n\n<li><a href='?page_no=21925'>21925<\/a><\/li>\n\n\n\n<li><a href='?page_no=21926'>21926<\/a><\/li>\n\n\n\n<li class='active'><a>21927<\/a><\/li>\n\n\n\n<li><a href='?page_no=21928'>21928<\/a><\/li>\n\n\n\n<li><a href='?page_no=21929'>21929<\/a><\/li>\n\n\n\n<li><a>...<\/a><\/li>\n\n\n\n<li><a href='?page_no=22911'>22911<\/a><\/li>\n\n\n\n<li><a href='?page_no=22912'>22912<\/a><\/li>\n\n    \n\t\n\n<li >\n\t<a href='?page_no=21928'>Next<\/a>\n\t<\/li>\n\n\n    \n\n<li><a href='?page_no=22912'>Last &rsaquo;&rsaquo;<\/a><\/li>\n\n<\/ul>\n\n\n--><br \/>\n<\/body><\/p>\n","protected":false},"excerpt":{"rendered":"<p>Universidad Aut\u00f3noma de Santo Domingo ser\u00e1 sede de la celebraci\u00f3n de la Semana de la Francofon\u00eda, con la presencia de distintos pa\u00edses de habla francesa, en un evento coordinado a trav\u00e9s de la escuela de Idiomas de la Facultad de Humanidades. La informaci\u00f3n la ofreci\u00f3 el rector de la UASD, doctor Franklin Garc\u00eda Ferm\u00edn, junto [&hellip;]<\/p>\n","protected":false},"author":3,"featured_media":0,"comment_status":"open","ping_status":"open","sticky":false,"template":"","format":"standard","meta":{"footnotes":""},"categories":[21],"tags":[],"class_list":["post-70249","post","type-post","status-publish","format-standard","hentry","category-cultura"],"_links":{"self":[{"href":"https:\/\/diariodominicano.com\/index.php?rest_route=\/wp\/v2\/posts\/70249","targetHints":{"allow":["GET"]}}],"collection":[{"href":"https:\/\/diariodominicano.com\/index.php?rest_route=\/wp\/v2\/posts"}],"about":[{"href":"https:\/\/diariodominicano.com\/index.php?rest_route=\/wp\/v2\/types\/post"}],"author":[{"embeddable":true,"href":"https:\/\/diariodominicano.com\/index.php?rest_route=\/wp\/v2\/users\/3"}],"replies":[{"embeddable":true,"href":"https:\/\/diariodominicano.com\/index.php?rest_route=%2Fwp%2Fv2%2Fcomments&post=70249"}],"version-history":[{"count":0,"href":"https:\/\/diariodominicano.com\/index.php?rest_route=\/wp\/v2\/posts\/70249\/revisions"}],"wp:attachment":[{"href":"https:\/\/diariodominicano.com\/index.php?rest_route=%2Fwp%2Fv2%2Fmedia&parent=70249"}],"wp:term":[{"taxonomy":"category","embeddable":true,"href":"https:\/\/diariodominicano.com\/index.php?rest_route=%2Fwp%2Fv2%2Fcategories&post=70249"},{"taxonomy":"post_tag","embeddable":true,"href":"https:\/\/diariodominicano.com\/index.php?rest_route=%2Fwp%2Fv2%2Ftags&post=70249"}],"curies":[{"name":"wp","href":"https:\/\/api.w.org\/{rel}","templated":true}]}}