{"id":70248,"date":"2009-03-16T15:27:30","date_gmt":"2009-03-16T15:27:30","guid":{"rendered":"http:\/\/diariodominicano.ddns.net\/?p=70248"},"modified":"2009-03-16T15:27:30","modified_gmt":"2009-03-16T15:27:30","slug":"pintor-ruben-gonza-expone-impresiones","status":"publish","type":"post","link":"https:\/\/diariodominicano.com\/?p=70248","title":{"rendered":"Pintor Rub\u00e9n Gonza expone ?Impresiones?"},"content":{"rendered":"<p><body><\/p>\n<p><img decoding=\"async\" src=\"http:\/\/localhost:8080\/img3\/obres.jpg\" \/>  <\/p>\n<p><span class=\"text1noticias\">La Casa de Italia acoge desde el 19 de marzo, a las siete de la noche, la s\u00e9ptima exposici\u00f3n individual ?Impresiones? del artista pl\u00e1stico Rub\u00e9n Gonza, en la que el p\u00fablico disfrutara de 27 paisajes de temas dominicanos.<\/span><\/p>\n<\/p>\n<p><span class=\"text1noticias\">Esta muestra presenta al p\u00fablico matices costumbristas, que dejan un testimonio de color, luz, equilibrio y belleza, de la cultura dominicana.<\/span><\/p>\n<\/p>\n<p><span class=\"text1noticias\">En su presentaci\u00f3n del catalogo, la critica de arte Virginia Goris destaca que ?Su obra figurativa y contempor\u00e1nea  es por su esencia ambientalista, es un canto a la vida, a los seres humanos que la componen, a la esplendida naturaleza en su mejor ropaje emocional, y con ellos, Rub\u00e9n realiza la ofrenda creativa de su actual etapa evolutiva?.<\/span><\/p>\n<\/p>\n<p><span class=\"text1noticias\">Rub\u00e9n Gonza naci\u00f3 en la ciudad de Moca, es miembro del Colegio Dominicano de Artistas Pl\u00e1sticos, de la Asociaci\u00f3n Internacional de Artes Pl\u00e1sticas y fundador del Grupo de pintura Los Cinco.<\/span><\/p>\n<\/p>\n<p><span class=\"text1noticias\">Su trayectoria lo llevo a participar en 24 exposiciones colectiva en Rep\u00fablica Dominicana y el extranjero. En 1994 presento su individual ?Cotidianidades?, en el Museo San Juan Bautista de Puerto Rico.<\/span><\/p>\n<\/p>\n<p><span class=\"text1noticias\">Entre las obras que expondr\u00e1 est\u00e1n, Sol y Viento, El Ocaso, D\u00eda Ventoso, Naturaleza Muerta, Salida del Sol, Al Borde del Bosque y \u00c1rbol Bajo Un Sol Candente. <\/span><\/p>\n<h6> 2009-03-16 15:27:30 <\/h6>\n<p><!--\n<link rel=\"stylesheet\" href=\"css\/bootstrap.min.css\">\n\n\n<ul class=\"pagination\">\n\t    \n\t\n\n<li >\n\t<a href='?page_no=21925'>Previous<\/a>\n\t<\/li>\n\n\n       \n    \n\n<li><a href='?page_no=1'>1<\/a><\/li>\n\n\n\n<li><a href='?page_no=2'>2<\/a><\/li>\n\n\n\n<li><a>...<\/a><\/li>\n\n\n\n<li><a href='?page_no=21924'>21924<\/a><\/li>\n\n\n\n<li><a href='?page_no=21925'>21925<\/a><\/li>\n\n\n\n<li class='active'><a>21926<\/a><\/li>\n\n\n\n<li><a href='?page_no=21927'>21927<\/a><\/li>\n\n\n\n<li><a href='?page_no=21928'>21928<\/a><\/li>\n\n\n\n<li><a>...<\/a><\/li>\n\n\n\n<li><a href='?page_no=22911'>22911<\/a><\/li>\n\n\n\n<li><a href='?page_no=22912'>22912<\/a><\/li>\n\n    \n\t\n\n<li >\n\t<a href='?page_no=21927'>Next<\/a>\n\t<\/li>\n\n\n    \n\n<li><a href='?page_no=22912'>Last &rsaquo;&rsaquo;<\/a><\/li>\n\n<\/ul>\n\n\n--><br \/>\n<\/body><\/p>\n","protected":false},"excerpt":{"rendered":"<p>La Casa de Italia acoge desde el 19 de marzo, a las siete de la noche, la s\u00e9ptima exposici\u00f3n individual ?Impresiones? del artista pl\u00e1stico Rub\u00e9n Gonza, en la que el p\u00fablico disfrutara de 27 paisajes de temas dominicanos. Esta muestra presenta al p\u00fablico matices costumbristas, que dejan un testimonio de color, luz, equilibrio y belleza, [&hellip;]<\/p>\n","protected":false},"author":3,"featured_media":0,"comment_status":"open","ping_status":"open","sticky":false,"template":"","format":"standard","meta":{"footnotes":""},"categories":[21],"tags":[],"class_list":["post-70248","post","type-post","status-publish","format-standard","hentry","category-cultura"],"_links":{"self":[{"href":"https:\/\/diariodominicano.com\/index.php?rest_route=\/wp\/v2\/posts\/70248","targetHints":{"allow":["GET"]}}],"collection":[{"href":"https:\/\/diariodominicano.com\/index.php?rest_route=\/wp\/v2\/posts"}],"about":[{"href":"https:\/\/diariodominicano.com\/index.php?rest_route=\/wp\/v2\/types\/post"}],"author":[{"embeddable":true,"href":"https:\/\/diariodominicano.com\/index.php?rest_route=\/wp\/v2\/users\/3"}],"replies":[{"embeddable":true,"href":"https:\/\/diariodominicano.com\/index.php?rest_route=%2Fwp%2Fv2%2Fcomments&post=70248"}],"version-history":[{"count":0,"href":"https:\/\/diariodominicano.com\/index.php?rest_route=\/wp\/v2\/posts\/70248\/revisions"}],"wp:attachment":[{"href":"https:\/\/diariodominicano.com\/index.php?rest_route=%2Fwp%2Fv2%2Fmedia&parent=70248"}],"wp:term":[{"taxonomy":"category","embeddable":true,"href":"https:\/\/diariodominicano.com\/index.php?rest_route=%2Fwp%2Fv2%2Fcategories&post=70248"},{"taxonomy":"post_tag","embeddable":true,"href":"https:\/\/diariodominicano.com\/index.php?rest_route=%2Fwp%2Fv2%2Ftags&post=70248"}],"curies":[{"name":"wp","href":"https:\/\/api.w.org\/{rel}","templated":true}]}}