{"id":70247,"date":"2009-03-16T18:04:53","date_gmt":"2009-03-16T18:04:53","guid":{"rendered":"http:\/\/diariodominicano.ddns.net\/?p=70247"},"modified":"2009-03-16T18:04:53","modified_gmt":"2009-03-16T18:04:53","slug":"presentan-el-foro-nacional-espacios-unphu","status":"publish","type":"post","link":"https:\/\/diariodominicano.com\/?p=70247","title":{"rendered":"Presentan el Foro Nacional ?Espacios UNPHU?"},"content":{"rendered":"<p><body><\/p>\n<p><span class=\"text1noticias\">Dan a conocer recomendaciones sobre el Pol\u00edgono Central y sus normativas a diez a\u00f1os de implementaci\u00f3n<\/span><\/p>\n<\/p>\n<p><span class=\"text1noticias\">SANTO DOMINGO.- La Universidad Nacional Pedro Henr\u00edquez Ure\u00f1a realiz\u00f3 este lunes la presentaci\u00f3n formal ante medios de comunicaci\u00f3n de un nuevo Foro Nacional denominado, ?EspaciosUNPHU?, el cual se inici\u00f3 recientemente con dos paneles de Reflexi\u00f3n sobre el Pol\u00edgono Central de la Ciudad de Santo Domingo. <\/span><\/p>\n<\/p>\n<p><span class=\"text1noticias\">La presentaci\u00f3n fue realizada en el sal\u00f3n del consejo acad\u00e9mico de la casa de Altos Estudios y encabezada por su rector Arq. Miguel Fiallo Calder\u00f3n. Adem\u00e1s estuvieron presentes el Vicerrector de Gesti\u00f3n, Dr. Jos\u00e9 Rafael Espaillat; la Vicerrectora Acad\u00e9mica, Licda Daniela Franco de Guzm\u00e1n; el Vicerrector de Post-grado, Investigaci\u00f3n y Desarrollo, Ing. V\u00edctor Beras, y decanos de las siete facultades. <\/span><\/p>\n<\/p>\n<p><span class=\"text1noticias\">Fiallo resalt\u00f3 que ?Es motivo de satisfacci\u00f3n como Rector de esta Universidad Nacional Pedro Henr\u00edquez Ure\u00f1a, presentar este nuevo Foro Nacional que se denomina ?ESPACIOS UNPHU?, concebido como espacio de discusi\u00f3n, que la UNPHU pone a disposici\u00f3n del pa\u00eds, a fin de aportar soluciones a diversas problem\u00e1ticas y que sirva como instrumento para la construcci\u00f3n de una sociedad m\u00e1s democr\u00e1tica. <\/span><\/p>\n<\/p>\n<p><span class=\"text1noticias\">Agreg\u00f3 que es un Foro abierto y plural donde se discutir\u00e1n los diferentes t\u00f3picos que la sociedad necesita debatir en un ambiente de respeto y de construcci\u00f3n de conocimientos, que d\u00e9 cabida a la disensi\u00f3n y participaci\u00f3n a todos los que de manera constructiva tengan algo que aportar.<\/span><\/p>\n<\/p>\n<p><span class=\"text1noticias\">Es un espacio que la UNPHU oferta a todos los sectores de la sociedad en general a trav\u00e9s de la moderaci\u00f3n de sus siete facultades, que abarcan en t\u00e9rmino general toda la problem\u00e1tica que se presenten y puedan presentarse en el pa\u00eds.<\/span><\/p>\n<\/p>\n<p><span class=\"text1noticias\">Estos trabajos ser\u00e1n publicados en la p\u00e1gina Web de la universidad y en un blog de Internet, para luego ser recogidos en unas memorias impresas, como parte de la labor de investigaci\u00f3n de la academia.<\/span><\/p>\n<\/p>\n<p><span class=\"text1noticias\">Resultados de los dos paneles de reflexi\u00f3n sobre las normativas del Pol\u00edgono Central: 10 a\u00f1os, una realidad.<\/span><\/p>\n<\/p>\n<p><span class=\"text1noticias\">Temas: El Marco Normativo y su proceso de formulaci\u00f3n.<\/span><\/p>\n<p><span class=\"text1noticias\">Y la Experiencia de Gesti\u00f3n del Marco Normativo y Lecciones aprendidas para un nuevo planteamiento Normativo.<\/span><\/p>\n<\/p>\n<p><span class=\"text1noticias\">Con la participaci\u00f3n de las autoridades y t\u00e9cnicos la Oficina de Planeamiento Urbano del Ayuntamiento del Distrito Nacional, la presencia de tres ex directores de Planeamiento Urbano y de representantes de la Asociaci\u00f3n de Constructores y Promotores de Vivienda, la Sociedad  de Arquitectos y el Instituto Dominicano de Planificaci\u00f3n Territorial la Facultad de Arquitectura y Artes de la Universidad Nacional Pedro Henr\u00edquez Ure\u00f1a celebr\u00f3 dos foros de discusi\u00f3n donde se evaluaron los diez a\u00f1os de vigencia de las Normativas para el Pol\u00edgono Central de Santo Domingo.<\/span><\/p>\n<\/p>\n<p><span class=\"text1noticias\">En esta ocasi\u00f3n, a partir de presentaciones realizadas por los arquitectos Crist\u00f3bal Valdez , director del equipo que desde la Oficina del Plan director de Santo Domingo del Ayuntamiento del Distrito Nacional, formulara las normativas del Pol\u00edgono Central y del Arquitecto Narciso Guzm\u00e1n, actual Director de la Oficina de Planeamiento Urbano  del ADN, el Arquitecto Andr\u00e9s Navarro, Secretario T\u00e9cnico del Ayuntamiento del Distrito Nacional  y un grupo de panelistas invitados conformado por el soci\u00f3logo C\u00e9sar P\u00e9rez, y los arquitectos , Luis Eduardo Delgado, Luis Guzm\u00e1n y Nelson Toca, del equipo original que formulara las normativas y los Arquitectos  Roberto  Carvajal Polanco, representante de ACOPROVI, Leopoldo Franco del Instituto Dominicano de Planificaci\u00f3n Territorial y Erwin Cott de la Sociedad de Arquitectos de la Rep\u00fablica Dominicana, se discutieron, con la participaci\u00f3n de Arquitectos, estudiantes , vecinos y profesionales municipalistas, aspectos importantes de estas  normativas.<\/span><\/p>\n<\/p>\n<p><span class=\"text1noticias\">Estos paneles fueron presentados por el Arq. Omar Rancier, Decano de la Facultad de arquitectura y Arte de la UNPHU, quien explic\u00f3 la metodolog\u00eda del foro y di\u00f3 apertura a los debates.<\/span><\/p>\n<\/p>\n<p><span class=\"text1noticias\">Recomendaciones y Opiniones de los Participantes:<\/span><\/p>\n<\/p>\n<p><span class=\"text1noticias\">Entre las recomendaciones y opiniones emitidas hubo un reconocimiento al esfuerzo realizado al formular estas normativas y se se\u00f1al\u00f3 que, a pesar de que no se lograron todos los objetivos las mismas  se deben tener como un precedente y modelo de la que debe hacerse con la ciudad.<\/span><\/p>\n<\/p>\n<p><span class=\"text1noticias\">Se identificaron algunos problemas para su implementaci\u00f3n como la debilidad de las municipalidades para dar seguimiento a sus propuestas y la necesidad de establecer medidas coercitivas y punitivas contra los violadores de las normas.<\/span><\/p>\n<\/p>\n<p><span class=\"text1noticias\">Se recomend\u00f3 la revisi\u00f3n de la normativa existente del pol\u00edgono central a la luz de las experiencias ya construidas, tanto en los aspectos de densidades, alturas, etc.<\/span><\/p>\n<\/p>\n<p><span class=\"text1noticias\">Se recomend\u00f3 la necesidad de realizar las coordinaciones necesarias con las agencias de servicios para dotar este pol\u00edgono de las facilidades de agua potable, alcantarillado sanitario, transporte y tr\u00e1nsito necesarias. <\/span><\/p>\n<\/p>\n<p><span class=\"text1noticias\">Se recomend\u00f3  la  necesidad de actualizar el marco legal urbano del pa\u00eds y de que se haga un esfuerzo no s\u00f3lo para formular normativas sino, y mucho m\u00e1s importante, construir capacidades para la gesti\u00f3n del territorio.<\/span><\/p>\n<\/p>\n<p><span class=\"text1noticias\">La falta de pol\u00edticas, planes e instrumentos de gesti\u00f3n  fue se\u00f1alada como un aspecto relevante del problema urbano en Santo Domingo y en todo el pa\u00eds.<\/span><\/p>\n<\/p>\n<p><span class=\"text1noticias\">Otra debilidad identificada tiene que ver con la educaci\u00f3n ciudadana, aspecto que se recomend\u00f3 fortalecer,  propuesta que fue sustentada por el Instituto de Dominicano de Planificaci\u00f3n Territorial y apoyada por la participaci\u00f3n estudiantil de los foros.<\/span><\/p>\n<\/p>\n<p><span class=\"text1noticias\">Otras recomendaciones importantes fueron:<\/span><\/p>\n<p><span class=\"text1noticias\">La necesidad de fortalecer las Oficinas de Planeamiento Urbano dot\u00e1ndolas de instrumentos y apoyo pol\u00edtico y  log\u00edstico para hacer cumplir las normativas.<\/span><\/p>\n<\/p>\n<p><span class=\"text1noticias\">La creaci\u00f3n de talleres de informaci\u00f3n para ciudadanos y promotores para que se conozcan los detalles de las normativas.<\/span><\/p>\n<\/p>\n<p><span class=\"text1noticias\">La necesidad de establecer estrategias de desarrollo urbano que  reconozcan la posibilidad de entender que la ciudad es  una oportunidad de hacer negocios, pero que los mismos deben ser a favor  de las mayor\u00edas y de la propia ciudad a trav\u00e9s de :  1, \u00abun plan de negocio\u00bb, en este se ver\u00eda la necesidad econ\u00f3mica requerida para su implementaci\u00f3n, quien har\u00e1 la inversi\u00f3n, y como se recuperara en la financiero y lo econ\u00f3mico,.2, \u00abun plan de implementaci\u00f3n\u00bb del proyecto es necesario de implementarse, estableciendo cuales cosas son prioritarias para dar paso a otras, y por \u00faltimo se necesita,3,\u00bbun plan de mercadeo\u00bb del proyecto donde se incluyan las acciones necesarios para que todos los actores conozcan del proyecto y sus beneficios, el plan de comunicaci\u00f3n del gobierno actual es un buen ejemplo de lo que digo, adem\u00e1s de ejemplos sobrados que pueden usarse como referencia en el sector privado<\/span><\/p>\n<\/p>\n<p><span class=\"text1noticias\">El representante de ACOPROVI recomend\u00f3 que se desarrolle un di\u00e1logo continuo con los promotores e inversionistas.<\/span><\/p>\n<\/p>\n<p><span class=\"text1noticias\">Se se\u00f1al\u00f3 que se debe entender que la densificaci\u00f3n urbana tiene l\u00edmites y que antes debe plantearse como se adecuar\u00e1n los servicios a la nueva poblaci\u00f3n, cuanto costar\u00e1 esa adecuaci\u00f3n de la infraestructura e identificar los recursos para realizarlas.<\/span><\/p>\n<\/p>\n<p><span class=\"text1noticias\">Se se\u00f1al\u00f3  que los problemas en la aplicaci\u00f3n de las normativas en el Pol\u00edgono Central es producto de la carencia de un plan regulador para la ciudad, por lo que se recomend\u00f3 la que las autoridades del ADN se comprometan a la realizaci\u00f3n de un Plan definitivo para la ciudad de Santo Domingo.<\/span><\/p>\n<\/p>\n<p><span class=\"text1noticias\">Se estim\u00f3 que la norma, la resoluci\u00f3n del ADN, debe ser analizada desde el punto de vista jur\u00eddico y t\u00e9cnico, para destacar su coherencia interna, sus posibles contradicciones, sus limitaciones, su pertinencia en el momento que se aprob\u00f3.<\/span><\/p>\n<\/p>\n<p><span class=\"text1noticias\">Las discusiones de estos foros se han comenzado a publicar en el blog ESPACIOSUNPHU<\/span><\/p>\n<\/p>\n<p><span class=\"text1noticias\">M\u00e1s informaci\u00f3n en www.espaciosunphu.blogspot.com<\/span><\/p>\n<h6> 2009-03-16 18:04:53 <\/h6>\n<p><!--\n<link rel=\"stylesheet\" href=\"css\/bootstrap.min.css\">\n\n\n<ul class=\"pagination\">\n\t    \n\t\n\n<li >\n\t<a href='?page_no=21924'>Previous<\/a>\n\t<\/li>\n\n\n       \n    \n\n<li><a href='?page_no=1'>1<\/a><\/li>\n\n\n\n<li><a href='?page_no=2'>2<\/a><\/li>\n\n\n\n<li><a>...<\/a><\/li>\n\n\n\n<li><a href='?page_no=21923'>21923<\/a><\/li>\n\n\n\n<li><a href='?page_no=21924'>21924<\/a><\/li>\n\n\n\n<li class='active'><a>21925<\/a><\/li>\n\n\n\n<li><a href='?page_no=21926'>21926<\/a><\/li>\n\n\n\n<li><a href='?page_no=21927'>21927<\/a><\/li>\n\n\n\n<li><a>...<\/a><\/li>\n\n\n\n<li><a href='?page_no=22911'>22911<\/a><\/li>\n\n\n\n<li><a href='?page_no=22912'>22912<\/a><\/li>\n\n    \n\t\n\n<li >\n\t<a href='?page_no=21926'>Next<\/a>\n\t<\/li>\n\n\n    \n\n<li><a href='?page_no=22912'>Last &rsaquo;&rsaquo;<\/a><\/li>\n\n<\/ul>\n\n\n--><br \/>\n<\/body><\/p>\n","protected":false},"excerpt":{"rendered":"<p>Dan a conocer recomendaciones sobre el Pol\u00edgono Central y sus normativas a diez a\u00f1os de implementaci\u00f3n SANTO DOMINGO.- La Universidad Nacional Pedro Henr\u00edquez Ure\u00f1a realiz\u00f3 este lunes la presentaci\u00f3n formal ante medios de comunicaci\u00f3n de un nuevo Foro Nacional denominado, ?EspaciosUNPHU?, el cual se inici\u00f3 recientemente con dos paneles de Reflexi\u00f3n sobre el Pol\u00edgono Central [&hellip;]<\/p>\n","protected":false},"author":3,"featured_media":0,"comment_status":"open","ping_status":"open","sticky":false,"template":"","format":"standard","meta":{"footnotes":""},"categories":[21],"tags":[],"class_list":["post-70247","post","type-post","status-publish","format-standard","hentry","category-cultura"],"_links":{"self":[{"href":"https:\/\/diariodominicano.com\/index.php?rest_route=\/wp\/v2\/posts\/70247","targetHints":{"allow":["GET"]}}],"collection":[{"href":"https:\/\/diariodominicano.com\/index.php?rest_route=\/wp\/v2\/posts"}],"about":[{"href":"https:\/\/diariodominicano.com\/index.php?rest_route=\/wp\/v2\/types\/post"}],"author":[{"embeddable":true,"href":"https:\/\/diariodominicano.com\/index.php?rest_route=\/wp\/v2\/users\/3"}],"replies":[{"embeddable":true,"href":"https:\/\/diariodominicano.com\/index.php?rest_route=%2Fwp%2Fv2%2Fcomments&post=70247"}],"version-history":[{"count":0,"href":"https:\/\/diariodominicano.com\/index.php?rest_route=\/wp\/v2\/posts\/70247\/revisions"}],"wp:attachment":[{"href":"https:\/\/diariodominicano.com\/index.php?rest_route=%2Fwp%2Fv2%2Fmedia&parent=70247"}],"wp:term":[{"taxonomy":"category","embeddable":true,"href":"https:\/\/diariodominicano.com\/index.php?rest_route=%2Fwp%2Fv2%2Fcategories&post=70247"},{"taxonomy":"post_tag","embeddable":true,"href":"https:\/\/diariodominicano.com\/index.php?rest_route=%2Fwp%2Fv2%2Ftags&post=70247"}],"curies":[{"name":"wp","href":"https:\/\/api.w.org\/{rel}","templated":true}]}}