{"id":70246,"date":"2009-03-16T18:15:12","date_gmt":"2009-03-16T18:15:12","guid":{"rendered":"http:\/\/diariodominicano.ddns.net\/?p=70246"},"modified":"2009-03-16T18:15:12","modified_gmt":"2009-03-16T18:15:12","slug":"cientos-participan-en-feria-ecobon-2009","status":"publish","type":"post","link":"https:\/\/diariodominicano.com\/?p=70246","title":{"rendered":"Cientos participan en feria ?EcoBon 2009?"},"content":{"rendered":"<p><body><\/p>\n<p><img decoding=\"async\" src=\"http:\/\/localhost:8080\/img3\/helado.jpg\" \/>  <\/p>\n<p><span class=\"text1noticias\">Con diversas actividades que incluyen exhibici\u00f3n de productos org\u00e1nicos, talleres, charlas, teatro ambiental, payasos, t\u00edteres y curso de baile, las empresas Bon realizaron la primera feria ecol\u00f3gica ?EcoBon 2009?, en el Centro de Informaci\u00f3n Ambiental del Mirador Sur.<\/span><\/p>\n<p><span class=\"text1noticias\"> <\/span><\/p>\n<p><span class=\"text1noticias\">El acto de apertura estuvo presidido por el secretario de Estado de Medio Ambiente y Recursos Naturales, Jaime David Fern\u00e1ndez; el presidente de las empresas Bon, Jes\u00fas Moreno Portalat\u00edn y la coordinadora del Centro de Informaci\u00f3n Ambiental del Parque Mirador Sur, Mariana Szabo.<\/span><\/p>\n<p><span class=\"text1noticias\"> <\/span><\/p>\n<p><span class=\"text1noticias\">El se\u00f1or Moreno manifest\u00f3 que el objetivo principal de esta actividad es concienciar sobre la conservaci\u00f3n del medio ambiente y los recursos naturales, y de agradecer el apoyo de todos los presentes por contribuir a la conservaci\u00f3n de la Loma Quita Espuela, el bosque h\u00famedo m\u00e1s importante del Caribe.<\/span><\/p>\n<p><span class=\"text1noticias\"> <\/span><\/p>\n<p><span class=\"text1noticias\">Dentro de las actividades recreativas de la Feria se cont\u00f3 con juegos de bitilla, domin\u00f3, rally, corrida en sacos y un taller sobre fabricaci\u00f3n de abonos org\u00e1nicos, raticida e insecticidas. <\/span><\/p>\n<p><span class=\"text1noticias\">\t<\/span><\/p>\n<p><span class=\"text1noticias\">Cont\u00f3 con el apoyo de la Asociaci\u00f3n de Empresas Industriales de Herrera, la C\u00e1mara Americana de Comercio, el Consorcio Ambiental Dominicano, Caminante del Mirador, Secretaria de Estado del Medio Ambiente, Renaepa y otras asociaciones.<\/span><\/p>\n<p><span class=\"text1noticias\"> <\/span><\/p>\n<p><span class=\"text1noticias\">Entre las entidades que expusieron en la feria figuran la Cervecer\u00eda Nacional Dominicana, Coca Cola, Mister Hot Dog, Nosotros Empanadas, Parmalat, Fundaci\u00f3n Loma Quita Espuela, productos La Loma, Palic, Grupo Bon, Pizarrelis y Bonchecito.<\/span><\/p>\n<p><span class=\"text1noticias\"> <\/span><\/p>\n<p><span class=\"text1noticias\">Entre las empresas que patrocinaron el evento figuran Helados Bon, Juegos Bon, Parmalat, AES Dominicana, La Fabril, Scotiabank, Palic, Publi Impresos, Grabo estilo, Rey Publicidad, Euro Sign, PubliPlas y Carpas Dominicana.<\/span><\/p>\n<p><span class=\"text1noticias\"> <\/span><\/p>\n<p><span class=\"text1noticias\">Tambi\u00e9n, Logo Marca, Servi Port, Club Atletico Body Shop, Restaurante Cane, DT Solutions, Las Fuerzas Armadas, Paradisus, Natura Park, Catalonia Compras y Servicios, Asociaci\u00f3n Dominicana de Domino, Wyndham Resots. <\/span><\/p>\n<p><span class=\"text1noticias\">  <\/span><\/p>\n<p><span class=\"text1noticias\">El se\u00f1or Moreno inform\u00f3 que participaron m\u00e1s de 500 empleados de las empresas participantes y cientos de personas.<\/span><\/p>\n<p><span class=\"text1noticias\"> <\/span><\/p>\n<p><span class=\"text1noticias\">El presidente de la Empresas Bon indico que la misi\u00f3n ecol\u00f3gica de Bon tuvo \u00e9xito y agradeci\u00f3 por el apoyo brindado al Centro de Informaci\u00f3n Ambiental.<\/span><\/p>\n<h6> 2009-03-16 18:15:12 <\/h6>\n<p><!--\n<link rel=\"stylesheet\" href=\"css\/bootstrap.min.css\">\n\n\n<ul class=\"pagination\">\n\t    \n\t\n\n<li >\n\t<a href='?page_no=21923'>Previous<\/a>\n\t<\/li>\n\n\n       \n    \n\n<li><a href='?page_no=1'>1<\/a><\/li>\n\n\n\n<li><a href='?page_no=2'>2<\/a><\/li>\n\n\n\n<li><a>...<\/a><\/li>\n\n\n\n<li><a href='?page_no=21922'>21922<\/a><\/li>\n\n\n\n<li><a href='?page_no=21923'>21923<\/a><\/li>\n\n\n\n<li class='active'><a>21924<\/a><\/li>\n\n\n\n<li><a href='?page_no=21925'>21925<\/a><\/li>\n\n\n\n<li><a href='?page_no=21926'>21926<\/a><\/li>\n\n\n\n<li><a>...<\/a><\/li>\n\n\n\n<li><a href='?page_no=22911'>22911<\/a><\/li>\n\n\n\n<li><a href='?page_no=22912'>22912<\/a><\/li>\n\n    \n\t\n\n<li >\n\t<a href='?page_no=21925'>Next<\/a>\n\t<\/li>\n\n\n    \n\n<li><a href='?page_no=22912'>Last &rsaquo;&rsaquo;<\/a><\/li>\n\n<\/ul>\n\n\n--><br \/>\n<\/body><\/p>\n","protected":false},"excerpt":{"rendered":"<p>Con diversas actividades que incluyen exhibici\u00f3n de productos org\u00e1nicos, talleres, charlas, teatro ambiental, payasos, t\u00edteres y curso de baile, las empresas Bon realizaron la primera feria ecol\u00f3gica ?EcoBon 2009?, en el Centro de Informaci\u00f3n Ambiental del Mirador Sur. El acto de apertura estuvo presidido por el secretario de Estado de Medio Ambiente y Recursos Naturales, [&hellip;]<\/p>\n","protected":false},"author":3,"featured_media":0,"comment_status":"open","ping_status":"open","sticky":false,"template":"","format":"standard","meta":{"footnotes":""},"categories":[21],"tags":[],"class_list":["post-70246","post","type-post","status-publish","format-standard","hentry","category-cultura"],"_links":{"self":[{"href":"https:\/\/diariodominicano.com\/index.php?rest_route=\/wp\/v2\/posts\/70246","targetHints":{"allow":["GET"]}}],"collection":[{"href":"https:\/\/diariodominicano.com\/index.php?rest_route=\/wp\/v2\/posts"}],"about":[{"href":"https:\/\/diariodominicano.com\/index.php?rest_route=\/wp\/v2\/types\/post"}],"author":[{"embeddable":true,"href":"https:\/\/diariodominicano.com\/index.php?rest_route=\/wp\/v2\/users\/3"}],"replies":[{"embeddable":true,"href":"https:\/\/diariodominicano.com\/index.php?rest_route=%2Fwp%2Fv2%2Fcomments&post=70246"}],"version-history":[{"count":0,"href":"https:\/\/diariodominicano.com\/index.php?rest_route=\/wp\/v2\/posts\/70246\/revisions"}],"wp:attachment":[{"href":"https:\/\/diariodominicano.com\/index.php?rest_route=%2Fwp%2Fv2%2Fmedia&parent=70246"}],"wp:term":[{"taxonomy":"category","embeddable":true,"href":"https:\/\/diariodominicano.com\/index.php?rest_route=%2Fwp%2Fv2%2Fcategories&post=70246"},{"taxonomy":"post_tag","embeddable":true,"href":"https:\/\/diariodominicano.com\/index.php?rest_route=%2Fwp%2Fv2%2Ftags&post=70246"}],"curies":[{"name":"wp","href":"https:\/\/api.w.org\/{rel}","templated":true}]}}