{"id":70245,"date":"2009-03-16T18:40:30","date_gmt":"2009-03-16T18:40:30","guid":{"rendered":"http:\/\/diariodominicano.ddns.net\/?p=70245"},"modified":"2009-03-16T18:40:30","modified_gmt":"2009-03-16T18:40:30","slug":"cultura-crea-taller-literario-apolinar-perdomo-en-neyba-provincia-bohoruco","status":"publish","type":"post","link":"https:\/\/diariodominicano.com\/?p=70245","title":{"rendered":"Cultura crea ?Taller Literario Apolinar Perdomo? en Neyba, Provincia Bohoruco"},"content":{"rendered":"<p><body><\/p>\n<p><img decoding=\"async\" src=\"http:\/\/localhost:8080\/img3\/talles.jpg\" \/>  <\/p>\n<p><span class=\"text1noticias\">La Secretar\u00eda de Estado de Cultura a trav\u00e9s de la Direcci\u00f3n General del Sistema de Talleres Literarios y en coordinaci\u00f3n con el licenciado Dan Acosta, Director Provincial de Cultura en la Provincia Bahoruco, imparti\u00f3 el 18 de febrero del 2009 en el Liceo Secundario Manuel de Jes\u00fas Galv\u00e1n el taller te\u00f3rico pr\u00e1ctico \u00abIntroducci\u00f3n a la Poes\u00eda\u00bb.<\/span><\/p>\n<\/p>\n<p><span class=\"text1noticias\">Con esta actividad qued\u00f3 formalmente instalado el Taller Literario ?Apolinar Perdomo\u00bb. El mismo fue impartido por Valent\u00edn Amaro, Director General del Sistema de Talleres Literarios de la Secretar\u00eda de Estado de Cultura.<\/span><\/p>\n<\/p>\n<p><span class=\"text1noticias\">La fundaci\u00f3n de este taller forma parte del extenso programa que la Direcci\u00f3n del Sistema Nacional de Talleres Literarios desarrolla por todo el pa\u00eds por instrucciones expresas del Lic. Jos\u00e9 Rafael Lantigua, Secretario de Estado de Cultura.<\/span><\/p>\n<\/p>\n<p><span class=\"text1noticias\">En el mismo participaron 43 estudiantes del nivel secundario quienes se comprometieron a permanecer y crecer en el referido espacio literario.<\/span><\/p>\n<\/p>\n<p><span class=\"text1noticias\">La educadora y escritora  Romaira Flori\u00e1n qued\u00f3 designada como Coordinadora General del Taller Literario Apolinar Perdomo.<\/span><\/p>\n<\/p>\n<p><span class=\"text1noticias\">Al final de la jornada se estableci\u00f3 un Programa de lecturas para las pr\u00f3ximas reuniones y la Lic. Flori\u00e1n recibi\u00f3 de manos de Valent\u00edn Amaro distintos t\u00edtulos de poes\u00eda y narrativa de las ediciones que realizan las unidades editoriales de la Secretar\u00eda de Estado de Cultura para las lecturas y pr\u00e1cticas de taller. <\/span><\/p>\n<\/p>\n<p><span class=\"text1noticias\">Con estas instalaciones formales de Talleres Literarios por toda la geograf\u00eda nacional, la Secretar\u00eda de Estado de Cultura reivindica la importancia de los mismos como espacios de formaci\u00f3n literaria y educativa en sentido general. <\/span><\/p>\n<h6> 2009-03-16 18:40:30 <\/h6>\n<p><!--\n<link rel=\"stylesheet\" href=\"css\/bootstrap.min.css\">\n\n\n<ul class=\"pagination\">\n\t    \n\t\n\n<li >\n\t<a href='?page_no=21922'>Previous<\/a>\n\t<\/li>\n\n\n       \n    \n\n<li><a href='?page_no=1'>1<\/a><\/li>\n\n\n\n<li><a href='?page_no=2'>2<\/a><\/li>\n\n\n\n<li><a>...<\/a><\/li>\n\n\n\n<li><a href='?page_no=21921'>21921<\/a><\/li>\n\n\n\n<li><a href='?page_no=21922'>21922<\/a><\/li>\n\n\n\n<li class='active'><a>21923<\/a><\/li>\n\n\n\n<li><a href='?page_no=21924'>21924<\/a><\/li>\n\n\n\n<li><a href='?page_no=21925'>21925<\/a><\/li>\n\n\n\n<li><a>...<\/a><\/li>\n\n\n\n<li><a href='?page_no=22911'>22911<\/a><\/li>\n\n\n\n<li><a href='?page_no=22912'>22912<\/a><\/li>\n\n    \n\t\n\n<li >\n\t<a href='?page_no=21924'>Next<\/a>\n\t<\/li>\n\n\n    \n\n<li><a href='?page_no=22912'>Last &rsaquo;&rsaquo;<\/a><\/li>\n\n<\/ul>\n\n\n--><br \/>\n<\/body><\/p>\n","protected":false},"excerpt":{"rendered":"<p>La Secretar\u00eda de Estado de Cultura a trav\u00e9s de la Direcci\u00f3n General del Sistema de Talleres Literarios y en coordinaci\u00f3n con el licenciado Dan Acosta, Director Provincial de Cultura en la Provincia Bahoruco, imparti\u00f3 el 18 de febrero del 2009 en el Liceo Secundario Manuel de Jes\u00fas Galv\u00e1n el taller te\u00f3rico pr\u00e1ctico \u00abIntroducci\u00f3n a la [&hellip;]<\/p>\n","protected":false},"author":3,"featured_media":0,"comment_status":"open","ping_status":"open","sticky":false,"template":"","format":"standard","meta":{"footnotes":""},"categories":[21],"tags":[],"class_list":["post-70245","post","type-post","status-publish","format-standard","hentry","category-cultura"],"_links":{"self":[{"href":"https:\/\/diariodominicano.com\/index.php?rest_route=\/wp\/v2\/posts\/70245","targetHints":{"allow":["GET"]}}],"collection":[{"href":"https:\/\/diariodominicano.com\/index.php?rest_route=\/wp\/v2\/posts"}],"about":[{"href":"https:\/\/diariodominicano.com\/index.php?rest_route=\/wp\/v2\/types\/post"}],"author":[{"embeddable":true,"href":"https:\/\/diariodominicano.com\/index.php?rest_route=\/wp\/v2\/users\/3"}],"replies":[{"embeddable":true,"href":"https:\/\/diariodominicano.com\/index.php?rest_route=%2Fwp%2Fv2%2Fcomments&post=70245"}],"version-history":[{"count":0,"href":"https:\/\/diariodominicano.com\/index.php?rest_route=\/wp\/v2\/posts\/70245\/revisions"}],"wp:attachment":[{"href":"https:\/\/diariodominicano.com\/index.php?rest_route=%2Fwp%2Fv2%2Fmedia&parent=70245"}],"wp:term":[{"taxonomy":"category","embeddable":true,"href":"https:\/\/diariodominicano.com\/index.php?rest_route=%2Fwp%2Fv2%2Fcategories&post=70245"},{"taxonomy":"post_tag","embeddable":true,"href":"https:\/\/diariodominicano.com\/index.php?rest_route=%2Fwp%2Fv2%2Ftags&post=70245"}],"curies":[{"name":"wp","href":"https:\/\/api.w.org\/{rel}","templated":true}]}}