{"id":70244,"date":"2009-03-17T16:03:54","date_gmt":"2009-03-17T16:03:54","guid":{"rendered":"http:\/\/diariodominicano.ddns.net\/?p=70244"},"modified":"2009-03-17T16:03:54","modified_gmt":"2009-03-17T16:03:54","slug":"palo-tipico-logra-gran-acogida-en-ecuador","status":"publish","type":"post","link":"https:\/\/diariodominicano.com\/?p=70244","title":{"rendered":"Palo T\u00edpico logra gran acogida en Ecuador"},"content":{"rendered":"<p><body><\/p>\n<p><img decoding=\"async\" src=\"http:\/\/localhost:8080\/img3\/tipio.jpg\" \/>  <\/p>\n<p><span class=\"text1noticias\">La popular agrupaci\u00f3n dominicana Palo T\u00edpico lleg\u00f3 con su contagioso merengue al Ecuador y logr\u00f3 encendidos elogios por su desempe\u00f1o en escena dentro del marco de celebraci\u00f3n del certamen Reina Mundial del Ecoturismo 2009, que se realiz\u00f3 recientemente en esa naci\u00f3n suramericana.<\/span><\/p>\n<\/p>\n<p><span class=\"text1noticias\">El conjunto liderado por Joselito Caba altern\u00f3 con los colombianos de Niche, Lisandro Meza y Factor\u00eda.<\/span><\/p>\n<p><span class=\"text1noticias\">De acuerdo a Caba, por intermedio del ministerio dominicano de Turismo, Palo T\u00edpico fue la \u00fanica representaci\u00f3n musical criolla que particip\u00f3 en dos conciertos en una plaza a la que asistieron m\u00e1s de diez mil personas.<\/span><\/p>\n<\/p>\n<p><span class=\"text1noticias\">Asimismo agradeci\u00f3 las atenciones de Carlos Manr\u00edquez Mu\u00f1oz, embajador de Ecuador acreditado en la Rep\u00fablica Dominicana, que d\u00edas antes de partir ofreci\u00f3 un coctel a la misi\u00f3n criolla que participar\u00eda en el concurso de belleza y en la feria tur\u00edstica que se realiz\u00f3 de manera simult\u00e1nea.<\/span><\/p>\n<\/p>\n<p><span class=\"text1noticias\">Los asistentes disfrutaron de la oferta de Palo T\u00edpico y fue tan buena la impresi\u00f3n que caus\u00f3 con su exposici\u00f3n musical  que regresan al Ecuador el pr\u00f3ximo 21 de abril para otras presentaciones.<\/span><\/p>\n<\/p>\n<p><span class=\"text1noticias\">Joselito resalt\u00f3 que es la primera vez que el merengue t\u00edpico llega a ese pa\u00eds y la receptividad que ha recibido le abrir\u00eda un importante mercado a este ritmo. <\/span><\/p>\n<\/p>\n<p><span class=\"text1noticias\">Dijo que all\u00ed est\u00e1n tan encantados con esta propuesta que estaciones radiales ecuatorianas pautaron el tema que Palo T\u00edpico ha venido promoviendo en territorio dominicano que se titula ?A las mujeres le gusta?, una composici\u00f3n contagiosa y bailable, cuyos arreglos son del propio l\u00edder del grupo.<\/span><\/p>\n<\/p>\n<p><span class=\"text1noticias\">Joselito Caba, es un joven maestro que ha acumulado experiencia con su paso por agrupaciones como Los Toros Band, Home Boys, Milly Quezada, entre otras. <\/span><\/p>\n<\/p>\n<p><span class=\"text1noticias\">?Hemos logrado conformar una buena agrupaci\u00f3n donde he tra\u00eddo mis experiencias en proyectos musicales exitosos para fusionarlas aqu\u00ed?, dijo el artista.<\/span><\/p>\n<h6> 2009-03-17 16:03:54 <\/h6>\n<p><!--\n<link rel=\"stylesheet\" href=\"css\/bootstrap.min.css\">\n\n\n<ul class=\"pagination\">\n\t    \n\t\n\n<li >\n\t<a href='?page_no=21921'>Previous<\/a>\n\t<\/li>\n\n\n       \n    \n\n<li><a href='?page_no=1'>1<\/a><\/li>\n\n\n\n<li><a href='?page_no=2'>2<\/a><\/li>\n\n\n\n<li><a>...<\/a><\/li>\n\n\n\n<li><a href='?page_no=21920'>21920<\/a><\/li>\n\n\n\n<li><a href='?page_no=21921'>21921<\/a><\/li>\n\n\n\n<li class='active'><a>21922<\/a><\/li>\n\n\n\n<li><a href='?page_no=21923'>21923<\/a><\/li>\n\n\n\n<li><a href='?page_no=21924'>21924<\/a><\/li>\n\n\n\n<li><a>...<\/a><\/li>\n\n\n\n<li><a href='?page_no=22911'>22911<\/a><\/li>\n\n\n\n<li><a href='?page_no=22912'>22912<\/a><\/li>\n\n    \n\t\n\n<li >\n\t<a href='?page_no=21923'>Next<\/a>\n\t<\/li>\n\n\n    \n\n<li><a href='?page_no=22912'>Last &rsaquo;&rsaquo;<\/a><\/li>\n\n<\/ul>\n\n\n--><br \/>\n<\/body><\/p>\n","protected":false},"excerpt":{"rendered":"<p>La popular agrupaci\u00f3n dominicana Palo T\u00edpico lleg\u00f3 con su contagioso merengue al Ecuador y logr\u00f3 encendidos elogios por su desempe\u00f1o en escena dentro del marco de celebraci\u00f3n del certamen Reina Mundial del Ecoturismo 2009, que se realiz\u00f3 recientemente en esa naci\u00f3n suramericana. El conjunto liderado por Joselito Caba altern\u00f3 con los colombianos de Niche, Lisandro [&hellip;]<\/p>\n","protected":false},"author":3,"featured_media":0,"comment_status":"open","ping_status":"open","sticky":false,"template":"","format":"standard","meta":{"footnotes":""},"categories":[21],"tags":[],"class_list":["post-70244","post","type-post","status-publish","format-standard","hentry","category-cultura"],"_links":{"self":[{"href":"https:\/\/diariodominicano.com\/index.php?rest_route=\/wp\/v2\/posts\/70244","targetHints":{"allow":["GET"]}}],"collection":[{"href":"https:\/\/diariodominicano.com\/index.php?rest_route=\/wp\/v2\/posts"}],"about":[{"href":"https:\/\/diariodominicano.com\/index.php?rest_route=\/wp\/v2\/types\/post"}],"author":[{"embeddable":true,"href":"https:\/\/diariodominicano.com\/index.php?rest_route=\/wp\/v2\/users\/3"}],"replies":[{"embeddable":true,"href":"https:\/\/diariodominicano.com\/index.php?rest_route=%2Fwp%2Fv2%2Fcomments&post=70244"}],"version-history":[{"count":0,"href":"https:\/\/diariodominicano.com\/index.php?rest_route=\/wp\/v2\/posts\/70244\/revisions"}],"wp:attachment":[{"href":"https:\/\/diariodominicano.com\/index.php?rest_route=%2Fwp%2Fv2%2Fmedia&parent=70244"}],"wp:term":[{"taxonomy":"category","embeddable":true,"href":"https:\/\/diariodominicano.com\/index.php?rest_route=%2Fwp%2Fv2%2Fcategories&post=70244"},{"taxonomy":"post_tag","embeddable":true,"href":"https:\/\/diariodominicano.com\/index.php?rest_route=%2Fwp%2Fv2%2Ftags&post=70244"}],"curies":[{"name":"wp","href":"https:\/\/api.w.org\/{rel}","templated":true}]}}