{"id":70243,"date":"2009-03-17T16:16:11","date_gmt":"2009-03-17T16:16:11","guid":{"rendered":"http:\/\/diariodominicano.ddns.net\/?p=70243"},"modified":"2009-03-17T16:16:11","modified_gmt":"2009-03-17T16:16:11","slug":"celebraron-segunda-edicion-del-carnaval-punta-cana","status":"publish","type":"post","link":"https:\/\/diariodominicano.com\/?p=70243","title":{"rendered":"Celebraron segunda edici\u00f3n del Carnaval Punta Cana"},"content":{"rendered":"<p><body><\/p>\n<p><img decoding=\"async\" src=\"img3\/carnes.jpg\" \/>  <\/p>\n<p><span class=\"text1noticias\">PUNTA CANA.- El destino PUNTACANA RESORT &amp; CLUB celebr\u00f3 en el marco de su 40 anviersario la segunda versi\u00f3n del ?Carnaval de Punta Cana? con la participaci\u00f3n de alrededor  10 mil espectadores.<\/span><\/p>\n<\/p>\n<p><span class=\"text1noticias\">En esta segunda versi\u00f3n el Rey Momo, fue el productor de televisi\u00f3n, Freddy Beras Goico, quien recibi\u00f3 la corona del anterior Rey Momo, el dise\u00f1ador internacional Oscar de la Renta.<\/span><\/p>\n<\/p>\n<p><span class=\"text1noticias\">El se\u00f1or Beras Goico recorri\u00f3 el Boulevard Primero de Noviembre,  en PUNTACANA Village, en un Mustang del 67 convertible, conducido por el presidente de GRUPO PUNTACANA, se\u00f1or Frank Rainieri.<\/span><\/p>\n<\/p>\n<p><span class=\"text1noticias\">Esta es la segunda edici\u00f3n del ?Carnaval de Punta Cana? en donde m\u00e1s de 15 provincias de todo el pa\u00eds, con cerca de 2,000 carnavaleros,  desfilaron mostrando las tradiciones culturales y folkl\u00f3ricas dominicanas a los visitantes extranjeros y procedentes de las \u00e1reas de Punta Cana, B\u00e1varo, Macao, Arena Gorda y Uvero Alto.<\/span><\/p>\n<\/p>\n<p><span class=\"text1noticias\">La actividad se caracteriz\u00f3 por la organizaci\u00f3n, la seguridad y el ambiente de familiaridad que imper\u00f3 durante todo la celebraci\u00f3n, que cerr\u00f3 con una fiesta amenizada por la orquesta de la Banda Gorda <\/span><\/p>\n<\/p>\n<p><span class=\"text1noticias\">Este carnaval es el resultado de la iniciativa del GRUPO PUNTACANA y su programa de Responsabilidad Social Corporativa, con el objetivo de promover la cultura y  el folklore dominicano en todo el mundo y en especial  a los miles de turistas que visitan la regi\u00f3n Este.<\/span><\/p>\n<\/p>\n<p><span class=\"text1noticias\">El evento es organizado por PUNTACANA RESORT &amp; CLUB y la Uni\u00f3n Carnavalesca Vegana, adem\u00e1s cuenta con el patrocinio de Presidente, Brugal &amp; Compa\u00f1\u00eda, Tropig\u00e1s, Claro Codetel y el peri\u00f3dico List\u00edn Diario. .\/\/\/<\/span><\/p>\n<h6> 2009-03-17 16:16:11 <\/h6>\n<p><!--\n<link rel=\"stylesheet\" href=\"css\/bootstrap.min.css\">\n\n\n<ul class=\"pagination\">\n\t    \n\t\n\n<li >\n\t<a href='?page_no=21920'>Previous<\/a>\n\t<\/li>\n\n\n       \n    \n\n<li><a href='?page_no=1'>1<\/a><\/li>\n\n\n\n<li><a href='?page_no=2'>2<\/a><\/li>\n\n\n\n<li><a>...<\/a><\/li>\n\n\n\n<li><a href='?page_no=21919'>21919<\/a><\/li>\n\n\n\n<li><a href='?page_no=21920'>21920<\/a><\/li>\n\n\n\n<li class='active'><a>21921<\/a><\/li>\n\n\n\n<li><a href='?page_no=21922'>21922<\/a><\/li>\n\n\n\n<li><a href='?page_no=21923'>21923<\/a><\/li>\n\n\n\n<li><a>...<\/a><\/li>\n\n\n\n<li><a href='?page_no=22911'>22911<\/a><\/li>\n\n\n\n<li><a href='?page_no=22912'>22912<\/a><\/li>\n\n    \n\t\n\n<li >\n\t<a href='?page_no=21922'>Next<\/a>\n\t<\/li>\n\n\n    \n\n<li><a href='?page_no=22912'>Last &rsaquo;&rsaquo;<\/a><\/li>\n\n<\/ul>\n\n\n--><br \/>\n<\/body><\/p>\n","protected":false},"excerpt":{"rendered":"<p>PUNTA CANA.- El destino PUNTACANA RESORT &amp; CLUB celebr\u00f3 en el marco de su 40 anviersario la segunda versi\u00f3n del ?Carnaval de Punta Cana? con la participaci\u00f3n de alrededor 10 mil espectadores. En esta segunda versi\u00f3n el Rey Momo, fue el productor de televisi\u00f3n, Freddy Beras Goico, quien recibi\u00f3 la corona del anterior Rey Momo, [&hellip;]<\/p>\n","protected":false},"author":3,"featured_media":0,"comment_status":"open","ping_status":"open","sticky":false,"template":"","format":"standard","meta":{"footnotes":""},"categories":[21],"tags":[],"class_list":["post-70243","post","type-post","status-publish","format-standard","hentry","category-cultura"],"_links":{"self":[{"href":"https:\/\/diariodominicano.com\/index.php?rest_route=\/wp\/v2\/posts\/70243","targetHints":{"allow":["GET"]}}],"collection":[{"href":"https:\/\/diariodominicano.com\/index.php?rest_route=\/wp\/v2\/posts"}],"about":[{"href":"https:\/\/diariodominicano.com\/index.php?rest_route=\/wp\/v2\/types\/post"}],"author":[{"embeddable":true,"href":"https:\/\/diariodominicano.com\/index.php?rest_route=\/wp\/v2\/users\/3"}],"replies":[{"embeddable":true,"href":"https:\/\/diariodominicano.com\/index.php?rest_route=%2Fwp%2Fv2%2Fcomments&post=70243"}],"version-history":[{"count":0,"href":"https:\/\/diariodominicano.com\/index.php?rest_route=\/wp\/v2\/posts\/70243\/revisions"}],"wp:attachment":[{"href":"https:\/\/diariodominicano.com\/index.php?rest_route=%2Fwp%2Fv2%2Fmedia&parent=70243"}],"wp:term":[{"taxonomy":"category","embeddable":true,"href":"https:\/\/diariodominicano.com\/index.php?rest_route=%2Fwp%2Fv2%2Fcategories&post=70243"},{"taxonomy":"post_tag","embeddable":true,"href":"https:\/\/diariodominicano.com\/index.php?rest_route=%2Fwp%2Fv2%2Ftags&post=70243"}],"curies":[{"name":"wp","href":"https:\/\/api.w.org\/{rel}","templated":true}]}}