{"id":70242,"date":"2009-03-17T16:22:17","date_gmt":"2009-03-17T16:22:17","guid":{"rendered":"http:\/\/diariodominicano.ddns.net\/?p=70242"},"modified":"2009-03-17T16:22:17","modified_gmt":"2009-03-17T16:22:17","slug":"bosch-presidente-en-la-frontera-imperial-nuevo-documental-de-rene-fortunato","status":"publish","type":"post","link":"https:\/\/diariodominicano.com\/?p=70242","title":{"rendered":"\u00abBosch: Presidente en la Frontera Imperial\u00bb nuevo documental de Ren\u00e8 Fortunato"},"content":{"rendered":"<p><body><\/p>\n<p><span class=\"text1noticias\">\u00abPresidente en la frontera imperial\u00bb es el t\u00edtulo del nuevo largometraje documental que Ren\u00e9 Fortunato termin\u00f3 recientemente, luego de casi tres a\u00f1os de trabajos e investigaciones especializadas sobre las ejecutorias del primer gobierno democr\u00e1tico elegido por el pueblo dominicano tras la ca\u00edda de Trujillo.<\/span><\/p>\n<\/p>\n<p><span class=\"text1noticias\">El documental, cuya  premier ser\u00e1 el lunes 30 de marzo, en la Sala Principal del Teatro Nacional, muestra los acontecimientos pol\u00edticos y sociales m\u00e1s importantes ocurridos durante el Gobierno Constitucional con respaldo popular,  presidido por Juan Bosch en la Rep\u00fablica Dominicana, en los primeros siete meses del a\u00f1o 1963.<\/span><\/p>\n<\/p>\n<p><span class=\"text1noticias\">El golpe de estado militar que derroc\u00f3 al gobierno de Bosch,  la pol\u00edtica exterior del Presidente Kennedy de los Estados Unidos y su relaci\u00f3n con los militares golpistas de Am\u00e9rica Latina, son temas que ocupan una buena parte del documental, realizado \u00edntegramente con im\u00e1genes y sonidos de la \u00e9poca.<\/span><\/p>\n<p><span class=\"text1noticias\"> <\/span><\/p>\n<p><span class=\"text1noticias\">\u00abEste documental es un homenaje al primer Presidente elegido democr\u00e1ticamente por el pueblo dominicano, luego de la ca\u00edda de Trujillo. Juan Bosch no debe ser patrimonio exclusivo de ning\u00fan partido pol\u00edtico, el Presidente Bosch debe ser patrimonio hist\u00f3rico, \u00e9tico y moral de la naci\u00f3n dominicana. Y como tal est\u00e1 tratado en este documental.\u00bb, afirm\u00f3 Fortunato al referirse al contenido del largometraje.<\/span><\/p>\n<p><span class=\"text1noticias\"> <\/span><\/p>\n<p><span class=\"text1noticias\">Una parte considerable del material f\u00edlmico utilizado en este documental, se difundir\u00e1 por primera vez, luego de permanecer guardado en archivos de acceso restringido en los Estados Unidos, durante m\u00e1s de cuarenta a\u00f1os. Para poder ubicar y acceder a estas im\u00e1genes, se hizo una investigacion minuciosa en varios archivos f\u00edlmicos del gobierno norteamericano y en diferentes empresas privadas.<\/span><\/p>\n<p><span class=\"text1noticias\"> <\/span><\/p>\n<p><span class=\"text1noticias\">La nueva produccion cinematogr\u00e1fica de Fortunato tiene noventa y cinco minutos de duraci\u00f3n -95- y se realiz\u00f3 en formato 35 milimetros, sistema de sonido Dolby 5.1 y procesada en los laboratorios Du Art de la ciudad de Nueva York.<\/span><\/p>\n<p><span class=\"text1noticias\"> <\/span><\/p>\n<p><span class=\"text1noticias\">Es escrita y dirigida por Rene Fortunato, con m\u00fasica original de Manuel Tejada y narraci\u00f3n de Felipe Gil, con la participaci\u00f3n especial de Rene Alfonso y voces invitadas de Gustavo Olivo y Miguel Susana. La edici\u00f3n y postproducci\u00f3n est\u00e1n a cargo de Juan Pablo de Gracia. El dise\u00f1o del cartel y la linea grafica del documental fueron creados por Carlos Sangiovanni.<\/span><\/p>\n<p><span class=\"text1noticias\"> <\/span><\/p>\n<p><span class=\"text1noticias\">En Nueva York el equipo de profesionales que trabajo en \u00abBosch: Presidente en la frontera imperial\u00bb, estuvo integrado por profesionales de larga experiencia en el cine norteamericano, entre los cuales se encuentran John Rehberger &amp; David Gauff, online editors; Bill Stokes, Colorist; Matt Gundy, audio Editor &amp; Mixer  y  Joe Monge, technical advisor.<\/span><\/p>\n<p><span class=\"text1noticias\"> <\/span><\/p>\n<p><span class=\"text1noticias\">La coordinaci\u00f3n de la produccion en Nueva York estuvo a cargo de Julio Valdez, egresado de la Escuela de Cine de City College en Manhattan.<\/span><\/p>\n<p><span class=\"text1noticias\"> <\/span><\/p>\n<p><span class=\"text1noticias\">Este documental sobre el Presidente Bosch es el n\u00famero siete en la filmograf\u00eda de Rene Fortunato, quien ha presentado con notable \u00e9xito de p\u00fablico y critica en las salas de cine de nuestro pa\u00eds los largometrajes \u00abEl Poder del Jefe\u00bb, en tres partes-1991,94 y 96-, \u00abLa Trinchera del Honor\u00bb-1988-, \u00abLa Herencia del Tirano\u00bb-1998- y \u00abLa Violencia del Poder\u00bb-2003-.<\/span><\/p>\n<h6> 2009-03-17 16:22:17 <\/h6>\n<p><!--\n<link rel=\"stylesheet\" href=\"css\/bootstrap.min.css\">\n\n\n<ul class=\"pagination\">\n\t    \n\t\n\n<li >\n\t<a href='?page_no=21919'>Previous<\/a>\n\t<\/li>\n\n\n       \n    \n\n<li><a href='?page_no=1'>1<\/a><\/li>\n\n\n\n<li><a href='?page_no=2'>2<\/a><\/li>\n\n\n\n<li><a>...<\/a><\/li>\n\n\n\n<li><a href='?page_no=21918'>21918<\/a><\/li>\n\n\n\n<li><a href='?page_no=21919'>21919<\/a><\/li>\n\n\n\n<li class='active'><a>21920<\/a><\/li>\n\n\n\n<li><a href='?page_no=21921'>21921<\/a><\/li>\n\n\n\n<li><a href='?page_no=21922'>21922<\/a><\/li>\n\n\n\n<li><a>...<\/a><\/li>\n\n\n\n<li><a href='?page_no=22911'>22911<\/a><\/li>\n\n\n\n<li><a href='?page_no=22912'>22912<\/a><\/li>\n\n    \n\t\n\n<li >\n\t<a href='?page_no=21921'>Next<\/a>\n\t<\/li>\n\n\n    \n\n<li><a href='?page_no=22912'>Last &rsaquo;&rsaquo;<\/a><\/li>\n\n<\/ul>\n\n\n--><br \/>\n<\/body><\/p>\n","protected":false},"excerpt":{"rendered":"<p>\u00abPresidente en la frontera imperial\u00bb es el t\u00edtulo del nuevo largometraje documental que Ren\u00e9 Fortunato termin\u00f3 recientemente, luego de casi tres a\u00f1os de trabajos e investigaciones especializadas sobre las ejecutorias del primer gobierno democr\u00e1tico elegido por el pueblo dominicano tras la ca\u00edda de Trujillo. El documental, cuya premier ser\u00e1 el lunes 30 de marzo, en [&hellip;]<\/p>\n","protected":false},"author":3,"featured_media":0,"comment_status":"open","ping_status":"open","sticky":false,"template":"","format":"standard","meta":{"footnotes":""},"categories":[21],"tags":[],"class_list":["post-70242","post","type-post","status-publish","format-standard","hentry","category-cultura"],"_links":{"self":[{"href":"https:\/\/diariodominicano.com\/index.php?rest_route=\/wp\/v2\/posts\/70242","targetHints":{"allow":["GET"]}}],"collection":[{"href":"https:\/\/diariodominicano.com\/index.php?rest_route=\/wp\/v2\/posts"}],"about":[{"href":"https:\/\/diariodominicano.com\/index.php?rest_route=\/wp\/v2\/types\/post"}],"author":[{"embeddable":true,"href":"https:\/\/diariodominicano.com\/index.php?rest_route=\/wp\/v2\/users\/3"}],"replies":[{"embeddable":true,"href":"https:\/\/diariodominicano.com\/index.php?rest_route=%2Fwp%2Fv2%2Fcomments&post=70242"}],"version-history":[{"count":0,"href":"https:\/\/diariodominicano.com\/index.php?rest_route=\/wp\/v2\/posts\/70242\/revisions"}],"wp:attachment":[{"href":"https:\/\/diariodominicano.com\/index.php?rest_route=%2Fwp%2Fv2%2Fmedia&parent=70242"}],"wp:term":[{"taxonomy":"category","embeddable":true,"href":"https:\/\/diariodominicano.com\/index.php?rest_route=%2Fwp%2Fv2%2Fcategories&post=70242"},{"taxonomy":"post_tag","embeddable":true,"href":"https:\/\/diariodominicano.com\/index.php?rest_route=%2Fwp%2Fv2%2Ftags&post=70242"}],"curies":[{"name":"wp","href":"https:\/\/api.w.org\/{rel}","templated":true}]}}