{"id":70241,"date":"2009-03-17T16:24:27","date_gmt":"2009-03-17T16:24:27","guid":{"rendered":"http:\/\/diariodominicano.ddns.net\/?p=70241"},"modified":"2009-03-17T16:24:27","modified_gmt":"2009-03-17T16:24:27","slug":"manuel-tejada-dice-se-propuso-sonido-sinfonico-con-documental-de-fortunato","status":"publish","type":"post","link":"https:\/\/diariodominicano.com\/?p=70241","title":{"rendered":"Manuel Tejada Dice se propuso sonido sinf\u00f3nico con documental de Fortunato"},"content":{"rendered":"<p><body><\/p>\n<p><span class=\"text1noticias\">El reconocido arreglista Manuel Tejada dice se propuso crear un sonido sinf\u00f3nico para ambientar el nuevo documental de Ren\u00e9 Fortunato, pautado para estrenarse el 30 de este mes de marzo en el Teatro Nacional.<\/span><\/p>\n<\/p>\n<p><span class=\"text1noticias\">Para ?Bosch: presidente en la frontera imperial?, Tejada afirma que la idea de la banda sonora es utilizar recursos sinf\u00f3nicos, tener un sonido sinf\u00f3nico y para lograr esto  us\u00f3 librer\u00edas virtuales que simulan ese tipo de sonoridad, lo en su lenguaje se llama ?Samples? y   simula casi a la perfecci\u00f3n esa sonoridad sinf\u00f3nica. <\/span><\/p>\n<\/p>\n<p><span class=\"text1noticias\">En esta ocasi\u00f3n utiliz\u00f3 la que considera la m\u00e1s completa librer\u00eda musical existente hoy d\u00eda en el mundo de la m\u00fasica: ?The Viena Simphony Libraries.?<\/span><\/p>\n<p><span class=\"text1noticias\"> <\/span><\/p>\n<p><span class=\"text1noticias\">?Adicional a estas librer\u00edas utilizamos instrumentaci\u00f3n interpretada en vivo, como por ejemplo la percusi\u00f3n, el bajo, la guitarra y el piano. Elementos que dan armon\u00eda e intimidad en los momentos necesarios para la m\u00fasica.?<\/span><\/p>\n<p><span class=\"text1noticias\"> <\/span><\/p>\n<p><span class=\"text1noticias\">El reconocido m\u00fasico dominicano Manuel Tejada manifest\u00f3 su satisfacci\u00f3n  por la calidad del trabajo que hizo para el largometraje documental ?Bosch: Presidente en la frontera imperial?, la cual, dijo, fue hecha ?con una gran dignidad.?<\/span><\/p>\n<p><span class=\"text1noticias\"> <\/span><\/p>\n<p><span class=\"text1noticias\">?Yo espero que la gente que vaya a ver la pel\u00edcula y pueda apreciar la banda sonora se lleve la misma emoci\u00f3n que yo me lleve, al estar trabajando con esas im\u00e1genes. Muchas cosas que la historia no nos ha ense\u00f1ado y que est\u00e1n ah\u00ed  presente,  son de las cosas que m\u00e1s me motivaron a comprometerme  a hacer un trabajo digno para ese documental?, afirm\u00f3 Manuel Tejada durante una entrevista en su estudio de grabaci\u00f3n en el exclusivo sector de  Arroyo Hondo.<\/span><\/p>\n<\/p>\n<p><span class=\"text1noticias\">Manuel Tejada, reconocido en el mundo de la m\u00fasica popular por sus arreglos de temas musicales para artistas populares, ha hecho la  m\u00fasica original de m\u00e1s de cinco pel\u00edculas nacionales y extranjeras. Para la nueva producci\u00f3n cinematogr\u00e1fica de Ren\u00e9 Fortunato ?Bosch: Presidente en la frontera imperial?, hizo la composici\u00f3n, arreglos y direcci\u00f3n de veinti\u00fan temas musicales que ilustran las diferentes situaciones dram\u00e1ticas que se presentan durante la historia narrada en el largometraje documental.<\/span><\/p>\n<p><span class=\"text1noticias\"> <\/span><\/p>\n<p><span class=\"text1noticias\">?Bosch: Presidente en la frontera imperial? con una duraci\u00f3n de noventa y cinco minutos, fue escrito y dirigido por Ren\u00e9 Fortunato, narrado por Felipe Gil y Ren\u00e9 Alfonso, con las voces invitadas de Gustavo Olivo y Miguel Susana. Editado por Juan Pablo de Gracia, con Carlos Sangiovanni en el dise\u00f1o de la l\u00ednea grafica y Marlene Romano como asistente del director.<\/span><\/p>\n<h6> 2009-03-17 16:24:27 <\/h6>\n<p><!--\n<link rel=\"stylesheet\" href=\"css\/bootstrap.min.css\">\n\n\n<ul class=\"pagination\">\n\t    \n\t\n\n<li >\n\t<a href='?page_no=21918'>Previous<\/a>\n\t<\/li>\n\n\n       \n    \n\n<li><a href='?page_no=1'>1<\/a><\/li>\n\n\n\n<li><a href='?page_no=2'>2<\/a><\/li>\n\n\n\n<li><a>...<\/a><\/li>\n\n\n\n<li><a href='?page_no=21917'>21917<\/a><\/li>\n\n\n\n<li><a href='?page_no=21918'>21918<\/a><\/li>\n\n\n\n<li class='active'><a>21919<\/a><\/li>\n\n\n\n<li><a href='?page_no=21920'>21920<\/a><\/li>\n\n\n\n<li><a href='?page_no=21921'>21921<\/a><\/li>\n\n\n\n<li><a>...<\/a><\/li>\n\n\n\n<li><a href='?page_no=22911'>22911<\/a><\/li>\n\n\n\n<li><a href='?page_no=22912'>22912<\/a><\/li>\n\n    \n\t\n\n<li >\n\t<a href='?page_no=21920'>Next<\/a>\n\t<\/li>\n\n\n    \n\n<li><a href='?page_no=22912'>Last &rsaquo;&rsaquo;<\/a><\/li>\n\n<\/ul>\n\n\n--><br \/>\n<\/body><\/p>\n","protected":false},"excerpt":{"rendered":"<p>El reconocido arreglista Manuel Tejada dice se propuso crear un sonido sinf\u00f3nico para ambientar el nuevo documental de Ren\u00e9 Fortunato, pautado para estrenarse el 30 de este mes de marzo en el Teatro Nacional. Para ?Bosch: presidente en la frontera imperial?, Tejada afirma que la idea de la banda sonora es utilizar recursos sinf\u00f3nicos, tener [&hellip;]<\/p>\n","protected":false},"author":3,"featured_media":0,"comment_status":"open","ping_status":"open","sticky":false,"template":"","format":"standard","meta":{"footnotes":""},"categories":[21],"tags":[],"class_list":["post-70241","post","type-post","status-publish","format-standard","hentry","category-cultura"],"_links":{"self":[{"href":"https:\/\/diariodominicano.com\/index.php?rest_route=\/wp\/v2\/posts\/70241","targetHints":{"allow":["GET"]}}],"collection":[{"href":"https:\/\/diariodominicano.com\/index.php?rest_route=\/wp\/v2\/posts"}],"about":[{"href":"https:\/\/diariodominicano.com\/index.php?rest_route=\/wp\/v2\/types\/post"}],"author":[{"embeddable":true,"href":"https:\/\/diariodominicano.com\/index.php?rest_route=\/wp\/v2\/users\/3"}],"replies":[{"embeddable":true,"href":"https:\/\/diariodominicano.com\/index.php?rest_route=%2Fwp%2Fv2%2Fcomments&post=70241"}],"version-history":[{"count":0,"href":"https:\/\/diariodominicano.com\/index.php?rest_route=\/wp\/v2\/posts\/70241\/revisions"}],"wp:attachment":[{"href":"https:\/\/diariodominicano.com\/index.php?rest_route=%2Fwp%2Fv2%2Fmedia&parent=70241"}],"wp:term":[{"taxonomy":"category","embeddable":true,"href":"https:\/\/diariodominicano.com\/index.php?rest_route=%2Fwp%2Fv2%2Fcategories&post=70241"},{"taxonomy":"post_tag","embeddable":true,"href":"https:\/\/diariodominicano.com\/index.php?rest_route=%2Fwp%2Fv2%2Ftags&post=70241"}],"curies":[{"name":"wp","href":"https:\/\/api.w.org\/{rel}","templated":true}]}}