{"id":70240,"date":"2009-03-17T16:27:38","date_gmt":"2009-03-17T16:27:38","guid":{"rendered":"http:\/\/diariodominicano.ddns.net\/?p=70240"},"modified":"2009-03-17T16:27:38","modified_gmt":"2009-03-17T16:27:38","slug":"a-c-s-d-jazz-en-dominicana-en-casa-de-teatro-y-el-debut-del-grupo-cayena-18-03-09-_","status":"publish","type":"post","link":"https:\/\/diariodominicano.com\/?p=70240","title":{"rendered":"[A.C.S.D.] Jazz en Dominicana en Casa de Teatro y el debut del Grupo Cayena. 18-03-09._"},"content":{"rendered":"<p><body><\/p>\n<p><span class=\"text1noticias\">Dedicado al \u00abjazz del patio\u00bb. Nuestro jazz siempre ha dependido mucho de los \u00abmelomanos\/jazzuser os\/fans\/fiebruse s\u00bb y estos son sin saberlo, los portavoces del jazz que se ha hecho en la Rep\u00fablica Dominicana desde el 1916 hasta hoy, a trav\u00e9s de los a\u00f1os.<\/span><\/p>\n<p><span class=\"text1noticias\"> <\/span><\/p>\n<p><span class=\"text1noticias\">Este mi\u00e9rcoles pasado, los que asistieron al espacio de Jazz en Dominicana en Casa de Teatro, orgullosamente atestiguaron el nacimiento de una nueva estrella del jazz del patio, que buena vocalista es Sabrina Estepan, y que manera de iniciar su carrera en el g\u00e9nero con su producci\u00f3n ?Sabrina Estepan interpreta las Divas del Jazz?.<\/span><\/p>\n<\/p>\n<p><span class=\"text1noticias\">El banquete jazz\u00edstico de marzo contin\u00faa este mi\u00e9rcoles 18 con el debut del Grupo Cayena. Los integrantes son los excelentes m\u00fasicos y amigos: Pengbian Sang en el bajo, Federico M\u00e9ndez en guitarra, Remy Taveras en bater\u00eda, Moreno Farsi en tromb\u00f3n, Ernesto N\u00fa\u00f1ez en la trompeta y Edgar Molina en percusiones.<\/span><\/p>\n<\/p>\n<p><span class=\"text1noticias\">Ellos combinar\u00e1n las ra\u00edces caribe\u00f1as con el jazz a su propia manera. No<\/span><\/p>\n<p><span class=\"text1noticias\">siendo propiamente latin jazz, pues tratan de mantener la sonoridad del jazz<\/span><\/p>\n<p><span class=\"text1noticias\">tradicional y mezclarlo con el sabor de nuestra m\u00fasica.<\/span><\/p>\n<\/p>\n<p><span class=\"text1noticias\">Esperamos su asistencia al evento, as\u00ed como su colaboraci\u00f3n con la difusi\u00f3n de esta informaci\u00f3n y su apoyo para continuar este proyecto que desde hace tiempo hemos estado realizando con el objetivo de lograr que el g\u00e9nero del Jazz pueda ser disfrutado y conocido por muchos Dominicanos que de otra forma no tendr\u00edan este privilegio.<\/span><\/p>\n<\/p>\n<p><span class=\"text1noticias\">Actividad: <\/span><\/p>\n<p><span class=\"text1noticias\">Tema: Gran debut del Grupo Cayena<\/span><\/p>\n<p><span class=\"text1noticias\">Invita: Jazz en Dominicana en Casa de Teatro<\/span><\/p>\n<p><span class=\"text1noticias\">Fecha: Mi\u00e9rcoles 11 de Marzo del 2009<\/span><\/p>\n<p><span class=\"text1noticias\">Lugar: Casa de Teatro<\/span><\/p>\n<p><span class=\"text1noticias\">Hora: 9:00 p.m.<\/span><\/p>\n<p><span class=\"text1noticias\">Precio: $ 300.00 <\/span><\/p>\n<h6> 2009-03-17 16:27:38 <\/h6>\n<p><!--\n<link rel=\"stylesheet\" href=\"css\/bootstrap.min.css\">\n\n\n<ul class=\"pagination\">\n\t    \n\t\n\n<li >\n\t<a href='?page_no=21917'>Previous<\/a>\n\t<\/li>\n\n\n       \n    \n\n<li><a href='?page_no=1'>1<\/a><\/li>\n\n\n\n<li><a href='?page_no=2'>2<\/a><\/li>\n\n\n\n<li><a>...<\/a><\/li>\n\n\n\n<li><a href='?page_no=21916'>21916<\/a><\/li>\n\n\n\n<li><a href='?page_no=21917'>21917<\/a><\/li>\n\n\n\n<li class='active'><a>21918<\/a><\/li>\n\n\n\n<li><a href='?page_no=21919'>21919<\/a><\/li>\n\n\n\n<li><a href='?page_no=21920'>21920<\/a><\/li>\n\n\n\n<li><a>...<\/a><\/li>\n\n\n\n<li><a href='?page_no=22911'>22911<\/a><\/li>\n\n\n\n<li><a href='?page_no=22912'>22912<\/a><\/li>\n\n    \n\t\n\n<li >\n\t<a href='?page_no=21919'>Next<\/a>\n\t<\/li>\n\n\n    \n\n<li><a href='?page_no=22912'>Last &rsaquo;&rsaquo;<\/a><\/li>\n\n<\/ul>\n\n\n--><br \/>\n<\/body><\/p>\n","protected":false},"excerpt":{"rendered":"<p>Dedicado al \u00abjazz del patio\u00bb. Nuestro jazz siempre ha dependido mucho de los \u00abmelomanos\/jazzuser os\/fans\/fiebruse s\u00bb y estos son sin saberlo, los portavoces del jazz que se ha hecho en la Rep\u00fablica Dominicana desde el 1916 hasta hoy, a trav\u00e9s de los a\u00f1os. Este mi\u00e9rcoles pasado, los que asistieron al espacio de Jazz en Dominicana [&hellip;]<\/p>\n","protected":false},"author":3,"featured_media":0,"comment_status":"open","ping_status":"open","sticky":false,"template":"","format":"standard","meta":{"footnotes":""},"categories":[21],"tags":[],"class_list":["post-70240","post","type-post","status-publish","format-standard","hentry","category-cultura"],"_links":{"self":[{"href":"https:\/\/diariodominicano.com\/index.php?rest_route=\/wp\/v2\/posts\/70240","targetHints":{"allow":["GET"]}}],"collection":[{"href":"https:\/\/diariodominicano.com\/index.php?rest_route=\/wp\/v2\/posts"}],"about":[{"href":"https:\/\/diariodominicano.com\/index.php?rest_route=\/wp\/v2\/types\/post"}],"author":[{"embeddable":true,"href":"https:\/\/diariodominicano.com\/index.php?rest_route=\/wp\/v2\/users\/3"}],"replies":[{"embeddable":true,"href":"https:\/\/diariodominicano.com\/index.php?rest_route=%2Fwp%2Fv2%2Fcomments&post=70240"}],"version-history":[{"count":0,"href":"https:\/\/diariodominicano.com\/index.php?rest_route=\/wp\/v2\/posts\/70240\/revisions"}],"wp:attachment":[{"href":"https:\/\/diariodominicano.com\/index.php?rest_route=%2Fwp%2Fv2%2Fmedia&parent=70240"}],"wp:term":[{"taxonomy":"category","embeddable":true,"href":"https:\/\/diariodominicano.com\/index.php?rest_route=%2Fwp%2Fv2%2Fcategories&post=70240"},{"taxonomy":"post_tag","embeddable":true,"href":"https:\/\/diariodominicano.com\/index.php?rest_route=%2Fwp%2Fv2%2Ftags&post=70240"}],"curies":[{"name":"wp","href":"https:\/\/api.w.org\/{rel}","templated":true}]}}