{"id":70239,"date":"2009-03-17T18:13:08","date_gmt":"2009-03-17T18:13:08","guid":{"rendered":"http:\/\/diariodominicano.ddns.net\/?p=70239"},"modified":"2009-03-17T18:13:08","modified_gmt":"2009-03-17T18:13:08","slug":"una-muestra-colectiva-de-dibujos-en-honor-a-guillo-perez","status":"publish","type":"post","link":"https:\/\/diariodominicano.com\/?p=70239","title":{"rendered":"Una muestra colectiva de dibujos en honor a Guillo P\u00e9rez."},"content":{"rendered":"<p><body><\/p>\n<p><img decoding=\"async\" src=\"http:\/\/localhost:8080\/img3\/none.jpg\" \/>  <\/p>\n<p><span class=\"text1noticias\">TINTA 09, consiste en una actividad anual de la galer\u00eda MESA FINE ART, con la finalidad de a promover y concientizar a los coleccionistas y amantes de la artes sobre la importancia que posee la t\u00e9cnica del dibujo y en esta edici\u00f3n ser\u00e1 realizada en honor al Maestro Guillo P\u00e9rez, el martes 24 de marzo 2009, a las 8:00 P.M.<\/span><\/p>\n<\/p>\n<p><span class=\"text1noticias\">Los artistas participantes son: Elsa Nu\u00f1ez, C\u00e1ndido Bid\u00f3, Rafael de Lemus, Manuel Reyes (Kutty), Ginny Taul\u00e9, Juan \u00c1ndujar y Omar Molina.<\/span><\/p>\n<\/p>\n<p><span class=\"text1noticias\">El director de la galer\u00eda Sr. Juan Jos\u00e9 Mesa coincide en que: ?el dibujo es la ra\u00edz del arte, como dijo Miguel \u00c1ngel. En \u00e9l encontramos la primera voz del artista, la m\u00e1s inmediata y privada?. Por esta raz\u00f3n, los dibujos se exhibir\u00e1n siguiendo con la normas del enmarcado de conservaci\u00f3n establecidas internacionalmente; con la finalidad de garantizarles a los coleccionistas su preservaci\u00f3n en el tiempo.<\/span><\/p>\n<\/p>\n<p><span class=\"text1noticias\">El objetivo es convertir la actividad a corto plazo, en un proyecto a la vez para educar a los amantes de las artes visuales, coleccionistas y p\u00fablico en general, sobre el correcto enmarcado de las obras de arte sobre papel, a fin de estimular la inversi\u00f3n en ellas, que por tener un precio m\u00e1s bajo no dejan de ser obras importantes.<\/span><\/p>\n<\/p>\n<p><span class=\"text1noticias\">Mesa dice con \u00e9nfasis: <\/span><\/p>\n<\/p>\n<p><span class=\"text1noticias\">\u00abhace 45 a\u00f1os un dibujo costaba unas cien veces menos que un \u00f3leo pero hoy puede llegar a valer la mitad o incluso lo mismo.\u00bb<\/span><\/p>\n<\/p>\n<p><span class=\"text1noticias\">Para coleccionar dibujo se precisan tres condiciones: disponer de tiempo, de dinero y de conocimientos. El coleccionista de hoy quiere un dibujo para colgar, no para guardarlo en una carpeta. Los j\u00f3venes tienen la oportunidad de iniciar sus colecciones con dibujos de artistas consagrados.<\/span><\/p>\n<\/p>\n<p><span class=\"text1noticias\">La galer\u00eda MESA FINE ART inici\u00f3 este proyecto en el a\u00f1o 2007, como evento paralelo, en apoyo a la celebraci\u00f3n del VI Sal\u00f3n de Dibujo de Santo Domingo, y est\u00e1 ubicada en la Av. Roberto Pastoriza No. 356 del sector Piantini, de esta ciudad de Santo Domingo.<\/span><\/p>\n<h6> 2009-03-17 18:13:08 <\/h6>\n<p><!--\n<link rel=\"stylesheet\" href=\"css\/bootstrap.min.css\">\n\n\n<ul class=\"pagination\">\n\t    \n\t\n\n<li >\n\t<a href='?page_no=21916'>Previous<\/a>\n\t<\/li>\n\n\n       \n    \n\n<li><a href='?page_no=1'>1<\/a><\/li>\n\n\n\n<li><a href='?page_no=2'>2<\/a><\/li>\n\n\n\n<li><a>...<\/a><\/li>\n\n\n\n<li><a href='?page_no=21915'>21915<\/a><\/li>\n\n\n\n<li><a href='?page_no=21916'>21916<\/a><\/li>\n\n\n\n<li class='active'><a>21917<\/a><\/li>\n\n\n\n<li><a href='?page_no=21918'>21918<\/a><\/li>\n\n\n\n<li><a href='?page_no=21919'>21919<\/a><\/li>\n\n\n\n<li><a>...<\/a><\/li>\n\n\n\n<li><a href='?page_no=22911'>22911<\/a><\/li>\n\n\n\n<li><a href='?page_no=22912'>22912<\/a><\/li>\n\n    \n\t\n\n<li >\n\t<a href='?page_no=21918'>Next<\/a>\n\t<\/li>\n\n\n    \n\n<li><a href='?page_no=22912'>Last &rsaquo;&rsaquo;<\/a><\/li>\n\n<\/ul>\n\n\n--><br \/>\n<\/body><\/p>\n","protected":false},"excerpt":{"rendered":"<p>TINTA 09, consiste en una actividad anual de la galer\u00eda MESA FINE ART, con la finalidad de a promover y concientizar a los coleccionistas y amantes de la artes sobre la importancia que posee la t\u00e9cnica del dibujo y en esta edici\u00f3n ser\u00e1 realizada en honor al Maestro Guillo P\u00e9rez, el martes 24 de marzo [&hellip;]<\/p>\n","protected":false},"author":3,"featured_media":0,"comment_status":"open","ping_status":"open","sticky":false,"template":"","format":"standard","meta":{"footnotes":""},"categories":[21],"tags":[],"class_list":["post-70239","post","type-post","status-publish","format-standard","hentry","category-cultura"],"_links":{"self":[{"href":"https:\/\/diariodominicano.com\/index.php?rest_route=\/wp\/v2\/posts\/70239","targetHints":{"allow":["GET"]}}],"collection":[{"href":"https:\/\/diariodominicano.com\/index.php?rest_route=\/wp\/v2\/posts"}],"about":[{"href":"https:\/\/diariodominicano.com\/index.php?rest_route=\/wp\/v2\/types\/post"}],"author":[{"embeddable":true,"href":"https:\/\/diariodominicano.com\/index.php?rest_route=\/wp\/v2\/users\/3"}],"replies":[{"embeddable":true,"href":"https:\/\/diariodominicano.com\/index.php?rest_route=%2Fwp%2Fv2%2Fcomments&post=70239"}],"version-history":[{"count":0,"href":"https:\/\/diariodominicano.com\/index.php?rest_route=\/wp\/v2\/posts\/70239\/revisions"}],"wp:attachment":[{"href":"https:\/\/diariodominicano.com\/index.php?rest_route=%2Fwp%2Fv2%2Fmedia&parent=70239"}],"wp:term":[{"taxonomy":"category","embeddable":true,"href":"https:\/\/diariodominicano.com\/index.php?rest_route=%2Fwp%2Fv2%2Fcategories&post=70239"},{"taxonomy":"post_tag","embeddable":true,"href":"https:\/\/diariodominicano.com\/index.php?rest_route=%2Fwp%2Fv2%2Ftags&post=70239"}],"curies":[{"name":"wp","href":"https:\/\/api.w.org\/{rel}","templated":true}]}}