{"id":70238,"date":"2009-03-17T18:39:36","date_gmt":"2009-03-17T18:39:36","guid":{"rendered":"http:\/\/diariodominicano.ddns.net\/?p=70238"},"modified":"2009-03-17T18:39:36","modified_gmt":"2009-03-17T18:39:36","slug":"poeta-y-novelista-salvadoreno-manlio-argueta-dictara-conferencia-literatura-centroamericana-y-marginalidad-literaria","status":"publish","type":"post","link":"https:\/\/diariodominicano.com\/?p=70238","title":{"rendered":"Poeta y novelista salvadore\u00f1o Manlio Argueta dictar\u00e1 conferencia ?Literatura Centroamericana y Marginalidad Literaria?"},"content":{"rendered":"<p><body><\/p>\n<p><span class=\"text1noticias\">La conferencia  se enmarca dentro del ciclo pre-inaugural de la XII Feria Internacional del Libro Santo Domingo 2009 y tendr\u00e1 lugar en el Museo de las Casas Reales el martes 24 de este mes, a las 8:00 de la noche.<\/span><\/p>\n<\/p>\n<p><span class=\"text1noticias\">Durante el Ciclo Pre-inaugural de la XII Feria Internacional del Libro de Santo Domingo, la Secretar\u00eda de Estado de Cultura, a trav\u00e9s de la Direcci\u00f3n General de la Feria del Libro y de la Direcci\u00f3n de Gesti\u00f3n Literaria, ofrecer\u00e1n la conferencia ?Literatura Centroamericana y Marginalidad Literaria?, que dictar\u00e1 el renombrado novelista y poeta salvadore\u00f1o Manlio Argueta, la cual tendr\u00e1 lugar en el Museo de las Casas Reales el martes 24 de este mes, a las 8:00 de la noche.<\/span><\/p>\n<\/p>\n<p><span class=\"text1noticias\">El conferencista naci\u00f3 en 1935, es doctor en jurisprudencia y   ciencias sociales y actual director de la Biblioteca Nacional de El Salvador. Form\u00f3 parte junto a Roque Dalton el C\u00edrculo Literario Universitario, una de las promociones m\u00e1s reconocidas y comprometida de su pa\u00eds. Agueta es Premio Internacional Naim Frasheri de Macedonia y fue condecorado con la Orden al M\u00e9rito Civil en Grado de Encomienda por el Gobierno de Espa\u00f1a. <\/span><\/p>\n<\/p>\n<p><span class=\"text1noticias\">Ha sido conferenciante en varias universidades del mundo. Es miembro de n\u00famero de la Academia Salvadore\u00f1a de la Lengua. En el 2006 obtuvo la Beca Guggenheim para escribir su novela El Sexto Muro. Una antolog\u00eda de sus poemas fue traducida en ingl\u00e9s y el albano, con lo cual fue distinguido como Miembro Honorario del Festival Internacional de Poes\u00eda de Macedonia. Entre sus obras est\u00e1n: El valle de las hamacas, Caperucita en la zona roja (Premio Latinoamericano de Novela de Casa de las Am\u00e9ricas), Un d\u00eda en la vida (traducida a 14 idiomas), Cuzcatl\u00e1n donde bate la mar el sur, Milagro de la paz, Siglo de oro, Poes\u00eda Completa de Manlio Argueta, entre otras.<\/span><\/p>\n<\/p>\n<p><span class=\"text1noticias\">En 1999, en una encuesta realizada por Modern Library de Nueva York, su novela Un d\u00eda en la vida, fue colocada entre las diez mejores del siglo XX, por su influencia social, al lado de Gabriel Garc\u00eda M\u00e1rquez, Mario Vargas Llosa, Carlos Fuentes, Julio Cort\u00e1zar y Blanco Ib\u00e1\u00f1ez.<\/span><\/p>\n<h6> 2009-03-17 18:39:36 <\/h6>\n<p><!--\n<link rel=\"stylesheet\" href=\"css\/bootstrap.min.css\">\n\n\n<ul class=\"pagination\">\n\t    \n\t\n\n<li >\n\t<a href='?page_no=21915'>Previous<\/a>\n\t<\/li>\n\n\n       \n    \n\n<li><a href='?page_no=1'>1<\/a><\/li>\n\n\n\n<li><a href='?page_no=2'>2<\/a><\/li>\n\n\n\n<li><a>...<\/a><\/li>\n\n\n\n<li><a href='?page_no=21914'>21914<\/a><\/li>\n\n\n\n<li><a href='?page_no=21915'>21915<\/a><\/li>\n\n\n\n<li class='active'><a>21916<\/a><\/li>\n\n\n\n<li><a href='?page_no=21917'>21917<\/a><\/li>\n\n\n\n<li><a href='?page_no=21918'>21918<\/a><\/li>\n\n\n\n<li><a>...<\/a><\/li>\n\n\n\n<li><a href='?page_no=22911'>22911<\/a><\/li>\n\n\n\n<li><a href='?page_no=22912'>22912<\/a><\/li>\n\n    \n\t\n\n<li >\n\t<a href='?page_no=21917'>Next<\/a>\n\t<\/li>\n\n\n    \n\n<li><a href='?page_no=22912'>Last &rsaquo;&rsaquo;<\/a><\/li>\n\n<\/ul>\n\n\n--><br \/>\n<\/body><\/p>\n","protected":false},"excerpt":{"rendered":"<p>La conferencia se enmarca dentro del ciclo pre-inaugural de la XII Feria Internacional del Libro Santo Domingo 2009 y tendr\u00e1 lugar en el Museo de las Casas Reales el martes 24 de este mes, a las 8:00 de la noche. Durante el Ciclo Pre-inaugural de la XII Feria Internacional del Libro de Santo Domingo, la [&hellip;]<\/p>\n","protected":false},"author":3,"featured_media":0,"comment_status":"open","ping_status":"open","sticky":false,"template":"","format":"standard","meta":{"footnotes":""},"categories":[21],"tags":[],"class_list":["post-70238","post","type-post","status-publish","format-standard","hentry","category-cultura"],"_links":{"self":[{"href":"https:\/\/diariodominicano.com\/index.php?rest_route=\/wp\/v2\/posts\/70238","targetHints":{"allow":["GET"]}}],"collection":[{"href":"https:\/\/diariodominicano.com\/index.php?rest_route=\/wp\/v2\/posts"}],"about":[{"href":"https:\/\/diariodominicano.com\/index.php?rest_route=\/wp\/v2\/types\/post"}],"author":[{"embeddable":true,"href":"https:\/\/diariodominicano.com\/index.php?rest_route=\/wp\/v2\/users\/3"}],"replies":[{"embeddable":true,"href":"https:\/\/diariodominicano.com\/index.php?rest_route=%2Fwp%2Fv2%2Fcomments&post=70238"}],"version-history":[{"count":0,"href":"https:\/\/diariodominicano.com\/index.php?rest_route=\/wp\/v2\/posts\/70238\/revisions"}],"wp:attachment":[{"href":"https:\/\/diariodominicano.com\/index.php?rest_route=%2Fwp%2Fv2%2Fmedia&parent=70238"}],"wp:term":[{"taxonomy":"category","embeddable":true,"href":"https:\/\/diariodominicano.com\/index.php?rest_route=%2Fwp%2Fv2%2Fcategories&post=70238"},{"taxonomy":"post_tag","embeddable":true,"href":"https:\/\/diariodominicano.com\/index.php?rest_route=%2Fwp%2Fv2%2Ftags&post=70238"}],"curies":[{"name":"wp","href":"https:\/\/api.w.org\/{rel}","templated":true}]}}