{"id":70237,"date":"2009-03-17T19:59:49","date_gmt":"2009-03-17T19:59:49","guid":{"rendered":"http:\/\/diariodominicano.ddns.net\/?p=70237"},"modified":"2009-03-17T19:59:49","modified_gmt":"2009-03-17T19:59:49","slug":"clausura-ix-festival-nacional-de-teatro-emilio-aparicio-xvii-marzo-teatral-con-rotundo-exito","status":"publish","type":"post","link":"https:\/\/diariodominicano.com\/?p=70237","title":{"rendered":"Clausura  IX Festival Nacional  de Teatro Emilio Aparicio (XVII Marzo Teatral) con rotundo \u00e9xito"},"content":{"rendered":"<p><body><\/p>\n<p><img decoding=\"async\" src=\"http:\/\/localhost:8080\/img3\/macia.jpg\" \/>  <\/p>\n<p><span class=\"text1noticias\">N\u00f3veles participantes muestran gran avance en las tablas<\/span><\/p>\n<p><span class=\"text1noticias\"> <\/span><\/p>\n<p><span class=\"text1noticias\">El Centro Cultural Narciso Gonz\u00e1lez, de la Secretar\u00eda de Estado de Cultura, clausur\u00f3  el IX Festival Nacional de Teatro Aficionado Emilio Aparicio, con la obra ?La Barca sin Pescador?, (obra nominada a los premios ACE de New York), a cargo de Teatro ?El Grupo?, integrado por actores dominicanos  de la di\u00e1spora residentes en Nueva York, a las 7:00 de la noche, en el Teatro Monina Sol\u00e1 del referido centro cultural.<\/span><\/p>\n<\/p>\n<p><span class=\"text1noticias\">El Emilio Aparicio cont\u00f3 con la participaci\u00f3n de 40 agrupaciones para todos los p\u00fablicos, infantil y teatro de calle, tambi\u00e9n teatro para j\u00f3venes y de adultos. Once grupos del interior y el resto de los diferentes barrios del Distrito Nacional.  En esta oportunidad los invitados internacionales fueron los grupos: ?Los Buenos de Palermo? de Argentina y  Teatro El Grupo integrado por artistas de la ?Di\u00e1spora Dominicana? residente en Nueva York. <\/span><\/p>\n<\/p>\n<p><span class=\"text1noticias\">Basilio Nova, Director del Centro Cultural Narciso Gonz\u00e1lez se\u00f1al\u00f3 que el festival rompi\u00f3 todas las expectativas, comparada con anteriores  versiones de este Festivales de teatro de aficionados.<\/span><\/p>\n<p><span class=\"text1noticias\">?Para \u00e9sta IX versi\u00f3n, el festival goz\u00f3 con una extraordinaria asistencia de p\u00fablico, que mantuvo su apoy\u00f3 desde la apertura del evento el pasado d\u00eda 2  de marzo,  hasta este domingo 15 de marzo.<\/span><\/p>\n<\/p>\n<p><span class=\"text1noticias\">Fue notorio el avance en la calidad actoral que exhibieron de los n\u00f3veles teatristas participantes que estuvieron dirigido por experimentados directores, entre los que se pueden resaltar  Manuel  Chapuseaux, Jorge Mendoza, V\u00edctor Vidal, Carlos S\u00e1nchez y Lidia Ariza?, y Margaret Sosa, manifest\u00f3 Nova.<\/span><\/p>\n<\/p>\n<p><span class=\"text1noticias\">Entre las obras nacionales presentadas durante el evento cultural estuvieron ?El exilio? de Rhenny Armando Gotos; ?Del otro lado del mundo? de Edward D\u00edaz y dirigida por Lidia Ariza; ?La Casa Embrujada? de Francisco Palacios Hardy, dirigida por Gabriel Terrero G\u00f3mez; ?Tiempo de Esperanza? de Elba Batista; ?Tr\u00e1gico a la Fuerza? de Ant\u00f3n Chejov, dirigida por Enrique Vidal Paniagua; ?La flautista de Hamel\u00edn? de Carmely Mota y ?Encierro de Locura? de Luis Therko Vargas.<\/span><\/p>\n<\/p>\n<p><span class=\"text1noticias\">Tambi\u00e9n, ?La Farsa Justicia del se\u00f1or corregidor? de Alejandro Casona, dirigida por Basilio G\u00e1lvez;  ?Dos Pesos de Agua?, adaptaci\u00f3n cuentos de Juan Bosch, dirigida por Tempora Morel; ?Vivencias Dram\u00e1ticas? de Di\u00f3medes Mieses, bajo la direcci\u00f3n de Manuel Chapuseaux y Jorge Mendoza; ?El Difunto estaba vivo?, versi\u00f3n libre de los cuentos de Bosch, dirigida por Juan Jos\u00e9 Pita.<\/span><\/p>\n<\/p>\n<p><span class=\"text1noticias\">?Juego Peligroso? de Carlos Canales, dirigida por Benjam\u00edn Guzm\u00e1n; ?La Mancha Indeleble?, adaptaci\u00f3n cuentos de Bosch, dirigida por Roberto Abreu; ?Entre Mujeres? de Solanyi G\u00f3mez; ?Rostros? de Alfredo Caraballo, dirigida por Dahina Odeisy Delgado; ?Parabolistas?, dirigida por Rafael Noem\u00ed y ?Ra\u00edces? de Miguel de los Santos; ?Que me importa? de Jansel Hern\u00e1ndez.<\/span><\/p>\n<\/p>\n<p><span class=\"text1noticias\">?Adolescentes? adaptaci\u00f3n y direcci\u00f3n de Tony Arias; ?La Bella de Alma de Don Dami\u00e1n?, adaptaci\u00f3n de cuentos de Juan Bosch y ?El Pr\u00edncipe Blue? de Williams Hands, dirigida por Minerva S\u00e1nchez; ?Flores de Oro? dirigida por Margaret Sosa y ?El Animador? de Rodolfo Santana, dirigida por Jorge N\u00fa\u00f1ez. <\/span><\/p>\n<p><span class=\"text1noticias\">PREMIACION<\/span><\/p>\n<\/p>\n<p><span class=\"text1noticias\">Esta su novena propuesta el Festival Emilio Aparicio, premiar\u00e1 a los grupos participantes con una dotaci\u00f3n de 75 mil pesos,  el primer lugar, segundo lugar con 50 mil pesos y un tercer lugar con 25 mil pesos. Las Menciones de Honor, recibir\u00e1n 10,000.00 cada una. Cada uno de los grupos participantes  recibieron diez mil pesos, transportaci\u00f3n, alojamiento y alimentaci\u00f3n, si eran del interior o del extranjero.<\/span><\/p>\n<\/p>\n<p><span class=\"text1noticias\">El jurado para la premiaci\u00f3n estuvo conformado por actores egresados de la Escuela Nacional de Arte Dram\u00e1tico y el Director y Dramaturgo Argentino Jos\u00e9 Luis Pedroza, presididos por Radhames Polanco, asesor Teatral de la Secretar\u00eda de Cultura. <\/span><\/p>\n<\/p>\n<p><span class=\"text1noticias\">El Festival Nacional de Teatro Aficionado Emilio Aparicio, lleva ese nombre en memoria de Don Emilio, fundador del teatro escuela de Bellas Artes, quien hizo su llegada al pa\u00eds procedente de Espa\u00f1a a ra\u00edz de la Guerra Civil del pa\u00eds europeo. <\/span><\/p>\n<h6> 2009-03-17 19:59:49 <\/h6>\n<p><!--\n<link rel=\"stylesheet\" href=\"css\/bootstrap.min.css\">\n\n\n<ul class=\"pagination\">\n\t    \n\t\n\n<li >\n\t<a href='?page_no=21914'>Previous<\/a>\n\t<\/li>\n\n\n       \n    \n\n<li><a href='?page_no=1'>1<\/a><\/li>\n\n\n\n<li><a href='?page_no=2'>2<\/a><\/li>\n\n\n\n<li><a>...<\/a><\/li>\n\n\n\n<li><a href='?page_no=21913'>21913<\/a><\/li>\n\n\n\n<li><a href='?page_no=21914'>21914<\/a><\/li>\n\n\n\n<li class='active'><a>21915<\/a><\/li>\n\n\n\n<li><a href='?page_no=21916'>21916<\/a><\/li>\n\n\n\n<li><a href='?page_no=21917'>21917<\/a><\/li>\n\n\n\n<li><a>...<\/a><\/li>\n\n\n\n<li><a href='?page_no=22911'>22911<\/a><\/li>\n\n\n\n<li><a href='?page_no=22912'>22912<\/a><\/li>\n\n    \n\t\n\n<li >\n\t<a href='?page_no=21916'>Next<\/a>\n\t<\/li>\n\n\n    \n\n<li><a href='?page_no=22912'>Last &rsaquo;&rsaquo;<\/a><\/li>\n\n<\/ul>\n\n\n--><br \/>\n<\/body><\/p>\n","protected":false},"excerpt":{"rendered":"<p>N\u00f3veles participantes muestran gran avance en las tablas El Centro Cultural Narciso Gonz\u00e1lez, de la Secretar\u00eda de Estado de Cultura, clausur\u00f3 el IX Festival Nacional de Teatro Aficionado Emilio Aparicio, con la obra ?La Barca sin Pescador?, (obra nominada a los premios ACE de New York), a cargo de Teatro ?El Grupo?, integrado por actores [&hellip;]<\/p>\n","protected":false},"author":3,"featured_media":0,"comment_status":"open","ping_status":"open","sticky":false,"template":"","format":"standard","meta":{"footnotes":""},"categories":[21],"tags":[],"class_list":["post-70237","post","type-post","status-publish","format-standard","hentry","category-cultura"],"_links":{"self":[{"href":"https:\/\/diariodominicano.com\/index.php?rest_route=\/wp\/v2\/posts\/70237","targetHints":{"allow":["GET"]}}],"collection":[{"href":"https:\/\/diariodominicano.com\/index.php?rest_route=\/wp\/v2\/posts"}],"about":[{"href":"https:\/\/diariodominicano.com\/index.php?rest_route=\/wp\/v2\/types\/post"}],"author":[{"embeddable":true,"href":"https:\/\/diariodominicano.com\/index.php?rest_route=\/wp\/v2\/users\/3"}],"replies":[{"embeddable":true,"href":"https:\/\/diariodominicano.com\/index.php?rest_route=%2Fwp%2Fv2%2Fcomments&post=70237"}],"version-history":[{"count":0,"href":"https:\/\/diariodominicano.com\/index.php?rest_route=\/wp\/v2\/posts\/70237\/revisions"}],"wp:attachment":[{"href":"https:\/\/diariodominicano.com\/index.php?rest_route=%2Fwp%2Fv2%2Fmedia&parent=70237"}],"wp:term":[{"taxonomy":"category","embeddable":true,"href":"https:\/\/diariodominicano.com\/index.php?rest_route=%2Fwp%2Fv2%2Fcategories&post=70237"},{"taxonomy":"post_tag","embeddable":true,"href":"https:\/\/diariodominicano.com\/index.php?rest_route=%2Fwp%2Fv2%2Ftags&post=70237"}],"curies":[{"name":"wp","href":"https:\/\/api.w.org\/{rel}","templated":true}]}}