{"id":70236,"date":"2009-03-17T20:39:33","date_gmt":"2009-03-17T20:39:33","guid":{"rendered":"http:\/\/diariodominicano.ddns.net\/?p=70236"},"modified":"2009-03-17T20:39:33","modified_gmt":"2009-03-17T20:39:33","slug":"dictan-conferencia-sobre-la-vida-y-obras-de-juan-bosch-en-el-seybo-con-motivo-del-centenario-de-su-natalicio","status":"publish","type":"post","link":"https:\/\/diariodominicano.com\/?p=70236","title":{"rendered":"Dictan Conferencia sobre la Vida y Obras de Juan Bosch en el Seybo con motivo del Centenario de su natalicio."},"content":{"rendered":"<p><body><\/p>\n<p><span class=\"text1noticias\">Maria Victoria Ure\u00f1a<\/span><\/p>\n<\/p>\n<p><span class=\"text1noticias\">El doctor Antonio Capell\u00e1n (Tony)  miembro del Comit\u00e9 Central del Partido de la Liberaci\u00f3n Dominicana (PLD) dict\u00f3 una conferencia a casa llena sobre la Vida y Obra del profesor Juan Bosch en el sal\u00f3n de acto del Ayuntamiento de el Seybo.<\/span><\/p>\n<\/p>\n<p><span class=\"text1noticias\">Con el titulo Vida y Obras del profesor Juan Bosch , el expositor desglos\u00f3 lo que fue la vida desde el inicio de ese ilustre dominicano, hablo adem\u00e1s de sus obras literarias que han recorrido el mundo, de la integraci\u00f3n a la vida pol\u00edtica dominicana formando dos organizaciones el Partido revolucionario Dominicano (PRD) y el Partido de la Liberaci\u00f3n Dominicana (PLD).<\/span><\/p>\n<\/p>\n<p><span class=\"text1noticias\">En el desarrollo de la actividad Capell\u00e1n puntualizo sobre  el m\u00e9todo de formaci\u00f3n de los peledeistas a trav\u00e9s de la formaci\u00f3n de los C\u00edrculos de Estudios,  de la importancia de la comunicaci\u00f3n y la unificaci\u00f3n de criterios y los planes de trabajo en los militantes del partido Morado.<\/span><\/p>\n<\/p>\n<p><span class=\"text1noticias\">Estas conferencias se enmarca en la celebraci\u00f3n del Centenario del Natalicio del profesor, el  escritor y pol\u00edtico mas grande que a dado el pa\u00eds y Am\u00e9rica Latina, que ser\u00e1n realizada en las diferentes provincias de la naci\u00f3n con el fin de que cada dominicano conozca de la vida de Juan Bosch en lo pol\u00edtico como escritor y los grandes aportes a la tierra que lo vio nacer.<\/span><\/p>\n<\/p>\n<p><span class=\"text1noticias\">Los  Seybanos abarrotaron el sal\u00f3n del Ayuntamiento donde se dieron cita hombres mujeres y ni\u00f1os de diferentes edades, condiciones sociales, econ\u00f3micas, partidarias y religiosas con el inter\u00e9s de saber mas sobre la vida de tan importante figura, al final de la actividad Amarilis Matos(estudiante) Jos\u00e9 Alberto y Domingo Mejia rindieron un homenaje al l\u00edder pol\u00edtico con hermosas poes\u00edas<\/span><\/p>\n<\/p>\n<p><span class=\"text1noticias\">Tony Capell\u00e1n, ex diputado al Congreso Nacional de la Republica y diputado al Parlamento Centro Americano( Parlacen) quien junto a los compa\u00f1eros Reynaldo Pared P\u00e9rez, Alejandrina German, Carlos Amarante Baret, Ventura Camejo, Francisco Javier Garc\u00eda y otros forman parte del equipo de Conferencista del PLD.<\/span><\/p>\n<\/p>\n<p><span class=\"text1noticias\">Asistieron a la actividad la doctora Kenia Mejia, diputada, Gerardo Carmona, presidente provincial del Partido, V\u00edctor Mari\u00f1ez, presidente municipal, Gerardo Aquino, subsecretario de educaci\u00f3n, El\u00edas Peguero, Regidor y vicepresidente de la Sala Capitular, Federico Bencosme , presidente municipal de Miches<\/span><\/p>\n<h6> 2009-03-17 20:39:33 <\/h6>\n<p><!--\n<link rel=\"stylesheet\" href=\"css\/bootstrap.min.css\">\n\n\n<ul class=\"pagination\">\n\t    \n\t\n\n<li >\n\t<a href='?page_no=21913'>Previous<\/a>\n\t<\/li>\n\n\n       \n    \n\n<li><a href='?page_no=1'>1<\/a><\/li>\n\n\n\n<li><a href='?page_no=2'>2<\/a><\/li>\n\n\n\n<li><a>...<\/a><\/li>\n\n\n\n<li><a href='?page_no=21912'>21912<\/a><\/li>\n\n\n\n<li><a href='?page_no=21913'>21913<\/a><\/li>\n\n\n\n<li class='active'><a>21914<\/a><\/li>\n\n\n\n<li><a href='?page_no=21915'>21915<\/a><\/li>\n\n\n\n<li><a href='?page_no=21916'>21916<\/a><\/li>\n\n\n\n<li><a>...<\/a><\/li>\n\n\n\n<li><a href='?page_no=22911'>22911<\/a><\/li>\n\n\n\n<li><a href='?page_no=22912'>22912<\/a><\/li>\n\n    \n\t\n\n<li >\n\t<a href='?page_no=21915'>Next<\/a>\n\t<\/li>\n\n\n    \n\n<li><a href='?page_no=22912'>Last &rsaquo;&rsaquo;<\/a><\/li>\n\n<\/ul>\n\n\n--><br \/>\n<\/body><\/p>\n","protected":false},"excerpt":{"rendered":"<p>Maria Victoria Ure\u00f1a El doctor Antonio Capell\u00e1n (Tony) miembro del Comit\u00e9 Central del Partido de la Liberaci\u00f3n Dominicana (PLD) dict\u00f3 una conferencia a casa llena sobre la Vida y Obra del profesor Juan Bosch en el sal\u00f3n de acto del Ayuntamiento de el Seybo. Con el titulo Vida y Obras del profesor Juan Bosch , [&hellip;]<\/p>\n","protected":false},"author":3,"featured_media":0,"comment_status":"open","ping_status":"open","sticky":false,"template":"","format":"standard","meta":{"footnotes":""},"categories":[21],"tags":[],"class_list":["post-70236","post","type-post","status-publish","format-standard","hentry","category-cultura"],"_links":{"self":[{"href":"https:\/\/diariodominicano.com\/index.php?rest_route=\/wp\/v2\/posts\/70236","targetHints":{"allow":["GET"]}}],"collection":[{"href":"https:\/\/diariodominicano.com\/index.php?rest_route=\/wp\/v2\/posts"}],"about":[{"href":"https:\/\/diariodominicano.com\/index.php?rest_route=\/wp\/v2\/types\/post"}],"author":[{"embeddable":true,"href":"https:\/\/diariodominicano.com\/index.php?rest_route=\/wp\/v2\/users\/3"}],"replies":[{"embeddable":true,"href":"https:\/\/diariodominicano.com\/index.php?rest_route=%2Fwp%2Fv2%2Fcomments&post=70236"}],"version-history":[{"count":0,"href":"https:\/\/diariodominicano.com\/index.php?rest_route=\/wp\/v2\/posts\/70236\/revisions"}],"wp:attachment":[{"href":"https:\/\/diariodominicano.com\/index.php?rest_route=%2Fwp%2Fv2%2Fmedia&parent=70236"}],"wp:term":[{"taxonomy":"category","embeddable":true,"href":"https:\/\/diariodominicano.com\/index.php?rest_route=%2Fwp%2Fv2%2Fcategories&post=70236"},{"taxonomy":"post_tag","embeddable":true,"href":"https:\/\/diariodominicano.com\/index.php?rest_route=%2Fwp%2Fv2%2Ftags&post=70236"}],"curies":[{"name":"wp","href":"https:\/\/api.w.org\/{rel}","templated":true}]}}