{"id":70235,"date":"2009-03-18T15:22:26","date_gmt":"2009-03-18T15:22:26","guid":{"rendered":"http:\/\/diariodominicano.ddns.net\/?p=70235"},"modified":"2009-03-18T15:22:26","modified_gmt":"2009-03-18T15:22:26","slug":"la-capital-americana-de-la-cultura-asuncion-paraguay-2009-felicita-a-santo-domingo-2010","status":"publish","type":"post","link":"https:\/\/diariodominicano.com\/?p=70235","title":{"rendered":"La Capital Americana de la Cultura Asunci\u00f3n (Paraguay) 2009 felicita a Santo Domingo 2010"},"content":{"rendered":"<p><body><\/p>\n<p><img decoding=\"async\" src=\"http:\/\/localhost:8080\/img3\/alcade.jpg\" \/>  <\/p>\n<p><span class=\"text1noticias\">Asunci\u00f3n (Paraguay), 17-03-2009<\/span><\/p>\n<\/p>\n<p><span class=\"text1noticias\">Las autoridades de la ciudad de Asunci\u00f3n, as\u00ed como del Gobierno nacional de la Rep\u00fablica del Paraguay, han felicitado a Santo Domingo por su elecci\u00f3n como Capital Americana de la Cultura 2010.<\/span><\/p>\n<\/p>\n<p><span class=\"text1noticias\">Asunci\u00f3n inaugurar\u00e1 el pr\u00f3ximo domingo, d\u00eda 22 de Marzo, su Capital Americana de la Cultura 2009, una vez terminado el verano austral, con la presencia del Presidente del Bureau Internacional de Capitales Culturales, Xavier Tudela. <\/span><\/p>\n<\/p>\n<p><span class=\"text1noticias\">Las autoridades paraguayas que desarrollan la Capital Americana de la Cultura 2009, integradas por los ministerios de Cultura, de Turismo y de la Municipalidad de Asunci\u00f3n, han expresado que ?Asunci\u00f3n, Capital de la Rep\u00fablica del Paraguay y Capital Americana de la Cultura durante el 2009, se siente muy contenta y satisfecha de que la ciudad de Santo Domingo sea su sucesora durante el 2010. Nos imaginamos la gran emoci\u00f3n que sienten nuestros hermanos dominicanos por este logro?.<\/span><\/p>\n<\/p>\n<p><span class=\"text1noticias\">Las autoridades paraguayas expresan tambi\u00e9n que ?resulta muy significativo que le pasemos la posta a Santo Domingo de Guzm\u00e1n (1496) primera ciudad fundada por los europeos en el continente, ya que Nuestra Se\u00f1ora de la Asunci\u00f3n (1537), es conocida como ?Madre de Ciudades?, pues de aqu\u00ed partieron las expediciones que fundan entre otras las ciudades de Buenos Aires, Santa Fe y Santacruz de la Sierra?.<\/span><\/p>\n<\/p>\n<p><span class=\"text1noticias\">En relaci\u00f3n a su ya pr\u00f3ximo inicio de Capital Americana de la Cultura 2009 declaran que ?en pocos d\u00edas m\u00e1s, Asunci\u00f3n iniciar\u00e1 oficialmente una agenda muy rica en actividades culturales, elaborada con el apoyo de numerosos creadores en todas las disciplinas art\u00edsticas, autoridades, pa\u00edses hermanos y organizaciones. Creo que los hermanos dominicanos compartir\u00e1n con nosotros que lo m\u00e1s importante de ostentar durante un a\u00f1o esta capital\u00eda, a las puertas de nuestros bicentenarios de Independencia, es el poder realizar la relectura de nuestra historia y el mirarnos los unos a los otros a trav\u00e9s del maravilloso cristal de la cultura, permitiendo nos conozcamos mejor y cumplir con el noble cometido que se impusieron los creadores de esta enorme distinci\u00f3n que constituye ser Capital Americana de la Cultura?. <\/span><\/p>\n<\/p>\n<p><span class=\"text1noticias\">La Muy Noble y Leal Ciudad de Nuestra Se\u00f1ora Santa Mar\u00eda de la Asunci\u00f3n (nombre oficial de la ciudad) es el establecimiento permanente m\u00e1s antiguo fundado por los espa\u00f1oles en la cuenca del R\u00edo de la Plata. Se fund\u00f3 el 15 de agosto de 1537. Es conocida como la \u00abMadre de Ciudades\u00bb, porque durante la Conquista partieron desde ella varias expediciones con el objetivo de fundar otras ciudades del cono sur americano, entre ellas Buenos Aires por segunda vez, luego del fallido intento de 1536. El sitio donde hoy se ubica la ciudad, habitado en un principio por indios carios, fue probablemente visitado por Juan de Ayolas en la expedici\u00f3n que orden\u00f3 Pedro de Mendoza desde la primera Buenos Aires, y es por esta raz\u00f3n que a Ayolas se le atribu\u00eda antes su fundaci\u00f3n; pero luego se comprob\u00f3 que el fuerte llamado Nuestra Se\u00f1ora de la Asunci\u00f3n fue fundado el 15 de agosto de 1537 por Juan de Salazar y Espinosa de los Monteros, quien justamente hab\u00eda ido en b\u00fasqueda de Ayolas. Dicho fuerte se convirti\u00f3 en ciudad con la creaci\u00f3n del Cabildo el 16 de septiembre de 1541, puesto que hasta ese entonces s\u00f3lo exist\u00eda un gobierno de car\u00e1cter militar.<\/span><\/p>\n<\/p>\n<p><span class=\"text1noticias\">Asunci\u00f3n tiene una poblaci\u00f3n de 515.000 habitantes, lo que representa aproximadamente el 10% del total de la poblaci\u00f3n paraguaya. En su \u00e1rea metropolitana viven 1.600.000 personas.<\/span><\/p>\n<\/p>\n<p><span class=\"text1noticias\">La Capital Americana de la Cultura, creada en 1998, tiene como objetivo promover la integraci\u00f3n interamericana desde el \u00e1mbito cultural, contribuir a un mejor conocimiento entre los pueblos del continente americano, respetando su diversidad nacional y regional, poniendo de relieve al mismo tiempo el patrimonio cultural com\u00fan. La Organizaci\u00f3n Capital Americana de la Cultura es miembro del Bureau Internacional de Capitales Culturales, promueve internacionalmente las ciudades capitales <\/span><\/p>\n<p><span class=\"text1noticias\">culturales y establece nuevos puentes de cooperaci\u00f3n con Europa, continente que tiene establecida la capital cultural desde 1985. Est\u00e1 acreditada ante la Organizaci\u00f3n de los Estados Americanos (OEA) y tiene el reconocimiento de los Parlamentos Latinoamericano y Europeo. Hasta la fecha, han sido designadas como Capital Americana de la Cultura las siguientes ciudades: M\u00e9rida (M\u00e9xico) 2000; Iquique (Chile) 2001; Macei\u00f3 (Brasil) 2002; Ciudad de Panam\u00e1 (Panam\u00e1) y Curitiba (Brasil) 2003; Santiago (Chile) 2004; Guadalajara (M\u00e9xico) 2005; C\u00f3rdoba (Argentina) 2006; Cusco (Per\u00fa) 2007; Brasilia (Brasil) 2008; Asunci\u00f3n (Paraguay) 2009, y Santo Domingo (Rep\u00fablica Dominicana) 2010.<\/span><\/p>\n<\/p>\n<p><span class=\"text1noticias\">El Bureau Internacional de Capitales Culturales (www.ibocc.org) es un organismo que agrupa a la Capital Americana de la Cultura (www.cac-acc.org), la Capital Brasile\u00f1a de la Cultura (www.capitalbrasileiradacultura.org), la US Capital of Culture (www.culturalcapital.us), y la Capital de la Cultura Catalana (www.ccc.cat), como iniciativas consolidadas, y otros proyectos de creaci\u00f3n de capitales culturales en preparaci\u00f3n, como la Capital de la Cultura Espa\u00f1ola (www.ccesp.org). Xavier Tudela es el Presidente de la Capital Americana de la Cultura y del Bureau Internacional de Capitales Culturales.<\/span><\/p>\n<h6> 2009-03-18 15:22:26 <\/h6>\n<p><!--\n<link rel=\"stylesheet\" href=\"css\/bootstrap.min.css\">\n\n\n<ul class=\"pagination\">\n\t    \n\t\n\n<li >\n\t<a href='?page_no=21912'>Previous<\/a>\n\t<\/li>\n\n\n       \n    \n\n<li><a href='?page_no=1'>1<\/a><\/li>\n\n\n\n<li><a href='?page_no=2'>2<\/a><\/li>\n\n\n\n<li><a>...<\/a><\/li>\n\n\n\n<li><a href='?page_no=21911'>21911<\/a><\/li>\n\n\n\n<li><a href='?page_no=21912'>21912<\/a><\/li>\n\n\n\n<li class='active'><a>21913<\/a><\/li>\n\n\n\n<li><a href='?page_no=21914'>21914<\/a><\/li>\n\n\n\n<li><a href='?page_no=21915'>21915<\/a><\/li>\n\n\n\n<li><a>...<\/a><\/li>\n\n\n\n<li><a href='?page_no=22911'>22911<\/a><\/li>\n\n\n\n<li><a href='?page_no=22912'>22912<\/a><\/li>\n\n    \n\t\n\n<li >\n\t<a href='?page_no=21914'>Next<\/a>\n\t<\/li>\n\n\n    \n\n<li><a href='?page_no=22912'>Last &rsaquo;&rsaquo;<\/a><\/li>\n\n<\/ul>\n\n\n--><br \/>\n<\/body><\/p>\n","protected":false},"excerpt":{"rendered":"<p>Asunci\u00f3n (Paraguay), 17-03-2009 Las autoridades de la ciudad de Asunci\u00f3n, as\u00ed como del Gobierno nacional de la Rep\u00fablica del Paraguay, han felicitado a Santo Domingo por su elecci\u00f3n como Capital Americana de la Cultura 2010. Asunci\u00f3n inaugurar\u00e1 el pr\u00f3ximo domingo, d\u00eda 22 de Marzo, su Capital Americana de la Cultura 2009, una vez terminado el [&hellip;]<\/p>\n","protected":false},"author":3,"featured_media":0,"comment_status":"open","ping_status":"open","sticky":false,"template":"","format":"standard","meta":{"footnotes":""},"categories":[21],"tags":[],"class_list":["post-70235","post","type-post","status-publish","format-standard","hentry","category-cultura"],"_links":{"self":[{"href":"https:\/\/diariodominicano.com\/index.php?rest_route=\/wp\/v2\/posts\/70235","targetHints":{"allow":["GET"]}}],"collection":[{"href":"https:\/\/diariodominicano.com\/index.php?rest_route=\/wp\/v2\/posts"}],"about":[{"href":"https:\/\/diariodominicano.com\/index.php?rest_route=\/wp\/v2\/types\/post"}],"author":[{"embeddable":true,"href":"https:\/\/diariodominicano.com\/index.php?rest_route=\/wp\/v2\/users\/3"}],"replies":[{"embeddable":true,"href":"https:\/\/diariodominicano.com\/index.php?rest_route=%2Fwp%2Fv2%2Fcomments&post=70235"}],"version-history":[{"count":0,"href":"https:\/\/diariodominicano.com\/index.php?rest_route=\/wp\/v2\/posts\/70235\/revisions"}],"wp:attachment":[{"href":"https:\/\/diariodominicano.com\/index.php?rest_route=%2Fwp%2Fv2%2Fmedia&parent=70235"}],"wp:term":[{"taxonomy":"category","embeddable":true,"href":"https:\/\/diariodominicano.com\/index.php?rest_route=%2Fwp%2Fv2%2Fcategories&post=70235"},{"taxonomy":"post_tag","embeddable":true,"href":"https:\/\/diariodominicano.com\/index.php?rest_route=%2Fwp%2Fv2%2Ftags&post=70235"}],"curies":[{"name":"wp","href":"https:\/\/api.w.org\/{rel}","templated":true}]}}