{"id":70233,"date":"2009-03-18T16:53:21","date_gmt":"2009-03-18T16:53:21","guid":{"rendered":"http:\/\/diariodominicano.ddns.net\/?p=70233"},"modified":"2009-03-18T16:53:21","modified_gmt":"2009-03-18T16:53:21","slug":"ruben-bichara-dictara-conferencia-vida-y-obra-de-juan-bosch-en-barahona","status":"publish","type":"post","link":"https:\/\/diariodominicano.com\/?p=70233","title":{"rendered":"Rub\u00e9n Bichara dictar\u00e1 conferencia, ?Vida y Obra de Juan Bosch?, en Barahona."},"content":{"rendered":"<p><body><\/p>\n<p><span class=\"text1noticias\">BARAHONA.- El director ejecutivo del Centro de Desarrollo y Competitividad Industrial (PROINDUSTRIA), y miembro del Comit\u00e9 Central del Partido de la Liberaci\u00f3n Dominicana (PLD),  ingeniero Rub\u00e9n Bichara, dictar\u00e1 este viernes 20 de marzo la conferencia titulada \u00bb Vida y Obra de Juan Bosch?.<\/span><\/p>\n<p><span class=\"text1noticias\"> <\/span><\/p>\n<p><span class=\"text1noticias\">La conferencia se realizar\u00e1 en el Sal\u00f3n ?Eloisa? del hotel Costa Larimar, situado en la avenida Enriquillo de esta ciudad, a partir de la siete de la noche.<\/span><\/p>\n<p><span class=\"text1noticias\"> <\/span><\/p>\n<p><span class=\"text1noticias\">El presidente del Comit\u00e9 Provincial del Partido de la Liberaci\u00f3n Dominicana (PLD) y Gobernador Provincial, licenciado  Eddy Mateo V\u00e1squez, inform\u00f3 que a la misma han sido invitados funcionarios, personalidades, organizaciones de la Sociedad Civil, legisladores, s\u00edndicos, regidores, dirigentes pol\u00edticos, comunitarios, medios de comunicaci\u00f3n entre otros.<\/span><\/p>\n<p><span class=\"text1noticias\"> <\/span><\/p>\n<p><span class=\"text1noticias\">Dijo que la conferencia se enmarca en la celebraci\u00f3n del Centenario del Natalicio del profesor Juan Bosch el  escritor y pol\u00edtico mas grande que ha dado el pa\u00eds y Am\u00e9rica Latina,  y que se est\u00e1n  realizando en las diferentes provincias, con el fin de que cada dominicano conozca de su vida, en lo pol\u00edtico, como escritor y los grandes aportes que hizo  a la tierra que lo vio nacer. <\/span><\/p>\n<p><span class=\"text1noticias\"> <\/span><\/p>\n<p><span class=\"text1noticias\">Expres\u00f3  que est\u00e1 actividad  es abierta y que   pueden  participar,  las  personas  interesadas  en conocer la Vida y Obra del profesor Juan Bosch.<\/span><\/p>\n<h6> 2009-03-18 16:53:21 <\/h6>\n<p><!--\n<link rel=\"stylesheet\" href=\"css\/bootstrap.min.css\">\n\n\n<ul class=\"pagination\">\n\t    \n\t\n\n<li >\n\t<a href='?page_no=21910'>Previous<\/a>\n\t<\/li>\n\n\n       \n    \n\n<li><a href='?page_no=1'>1<\/a><\/li>\n\n\n\n<li><a href='?page_no=2'>2<\/a><\/li>\n\n\n\n<li><a>...<\/a><\/li>\n\n\n\n<li><a href='?page_no=21909'>21909<\/a><\/li>\n\n\n\n<li><a href='?page_no=21910'>21910<\/a><\/li>\n\n\n\n<li class='active'><a>21911<\/a><\/li>\n\n\n\n<li><a href='?page_no=21912'>21912<\/a><\/li>\n\n\n\n<li><a href='?page_no=21913'>21913<\/a><\/li>\n\n\n\n<li><a>...<\/a><\/li>\n\n\n\n<li><a href='?page_no=22911'>22911<\/a><\/li>\n\n\n\n<li><a href='?page_no=22912'>22912<\/a><\/li>\n\n    \n\t\n\n<li >\n\t<a href='?page_no=21912'>Next<\/a>\n\t<\/li>\n\n\n    \n\n<li><a href='?page_no=22912'>Last &rsaquo;&rsaquo;<\/a><\/li>\n\n<\/ul>\n\n\n--><br \/>\n<\/body><\/p>\n","protected":false},"excerpt":{"rendered":"<p>BARAHONA.- El director ejecutivo del Centro de Desarrollo y Competitividad Industrial (PROINDUSTRIA), y miembro del Comit\u00e9 Central del Partido de la Liberaci\u00f3n Dominicana (PLD), ingeniero Rub\u00e9n Bichara, dictar\u00e1 este viernes 20 de marzo la conferencia titulada \u00bb Vida y Obra de Juan Bosch?. La conferencia se realizar\u00e1 en el Sal\u00f3n ?Eloisa? del hotel Costa Larimar, [&hellip;]<\/p>\n","protected":false},"author":3,"featured_media":0,"comment_status":"open","ping_status":"open","sticky":false,"template":"","format":"standard","meta":{"footnotes":""},"categories":[21],"tags":[],"class_list":["post-70233","post","type-post","status-publish","format-standard","hentry","category-cultura"],"_links":{"self":[{"href":"https:\/\/diariodominicano.com\/index.php?rest_route=\/wp\/v2\/posts\/70233","targetHints":{"allow":["GET"]}}],"collection":[{"href":"https:\/\/diariodominicano.com\/index.php?rest_route=\/wp\/v2\/posts"}],"about":[{"href":"https:\/\/diariodominicano.com\/index.php?rest_route=\/wp\/v2\/types\/post"}],"author":[{"embeddable":true,"href":"https:\/\/diariodominicano.com\/index.php?rest_route=\/wp\/v2\/users\/3"}],"replies":[{"embeddable":true,"href":"https:\/\/diariodominicano.com\/index.php?rest_route=%2Fwp%2Fv2%2Fcomments&post=70233"}],"version-history":[{"count":0,"href":"https:\/\/diariodominicano.com\/index.php?rest_route=\/wp\/v2\/posts\/70233\/revisions"}],"wp:attachment":[{"href":"https:\/\/diariodominicano.com\/index.php?rest_route=%2Fwp%2Fv2%2Fmedia&parent=70233"}],"wp:term":[{"taxonomy":"category","embeddable":true,"href":"https:\/\/diariodominicano.com\/index.php?rest_route=%2Fwp%2Fv2%2Fcategories&post=70233"},{"taxonomy":"post_tag","embeddable":true,"href":"https:\/\/diariodominicano.com\/index.php?rest_route=%2Fwp%2Fv2%2Ftags&post=70233"}],"curies":[{"name":"wp","href":"https:\/\/api.w.org\/{rel}","templated":true}]}}