{"id":70232,"date":"2009-03-18T16:54:50","date_gmt":"2009-03-18T16:54:50","guid":{"rendered":"http:\/\/diariodominicano.ddns.net\/?p=70232"},"modified":"2009-03-18T16:54:50","modified_gmt":"2009-03-18T16:54:50","slug":"sabina-y-paez-ex-enemigos-intimos","status":"publish","type":"post","link":"https:\/\/diariodominicano.com\/?p=70232","title":{"rendered":"Sabina y P\u00e1ez, (ex) enemigos \u00edntimos"},"content":{"rendered":"<p><body><\/p>\n<p><img decoding=\"async\" src=\"http:\/\/localhost:8080\/img3\/enemy.jpg\" \/>  <\/p>\n<p><span class=\"text1noticias\">El artista argentino habla en M\u00e9xico de su reconciliaci\u00f3n con aquella \u00abnovia borracha\u00bb <\/span><\/p>\n<\/p>\n<p><span class=\"text1noticias\">EFE \/ ELPA\u00cdS.com &#8211; M\u00e9xico \/ Madrid &#8211; 18\/03\/2009 <\/span><\/p>\n<p><span class=\"text1noticias\"> <\/span><\/p>\n<p><span class=\"text1noticias\">\u00abVen, cabr\u00f3n, que estoy tocando aqu\u00ed\u00bb. La frase la escribi\u00f3 Joaqu\u00edn Sabina en una servilleta durante una visita en 2007 a Buenos Aires. Y se la envi\u00f3 a Fito P\u00e1ez. Este martes, el argentino ha contado la peculiar an\u00e9dota durante la presentaci\u00f3n en M\u00e9xico de su \u00faltimo \u00e1lbum, No s\u00e9 si es Baires o Madrid, en el que han colaborado, entre otros, Pablo Milan\u00e9s y su otrora \u00edntimo enemigo.<\/span><\/p>\n<\/p>\n<p><span class=\"text1noticias\">Si bien P\u00e1ez aclar\u00f3 que, despu\u00e9s de la ruptura que supuso la grabaci\u00f3n conjunta de Enemigos \u00edntimos (1998), no volver\u00eda a hacer nunca un disco completo con Sabina, ha asegurado que siempre tuvo \u00abun v\u00ednculo de muy buena leche con Joaqu\u00edn\u00bb. \u00abLas cosas se disparataron, pero la verdad es que fue muy sencillo [recuperar la amistad]. Con la gente de buen coraz\u00f3n, por supuesto, te agarras [peleas], como con toda la gente con la que convives; es parte del negocio de la vida\u00bb, ha manifestado P\u00e1ez.<\/span><\/p>\n<\/p>\n<p><span class=\"text1noticias\">\u00abCantamos dos noches [en Buenos Aires] y despu\u00e9s fui para Madrid\u00bb, relata en relaci\u00f3n a la invitaci\u00f3n por servilleta. Ese encuentro, producido hace 11 meses y en el que ambos interpretaron Contigo, dio lugar a este \u00e1lbum, ya presentado en Argentina en octubre. Pereza, Leonor Watling o Ariel Rot fueron otros de los invitados aquel d\u00eda en el que ambos se cantaron \u00abyo no quiero contigo ni sin ti\u00bb mir\u00e1ndose a los ojos.<\/span><\/p>\n<\/p>\n<p><span class=\"text1noticias\">En su libro A vuelta de correo, que contiene intercambios de misivas entre Sabina y otros poetas, el cantante andaluz cuenta que Pa\u00e9z, que hab\u00eda dicho que Joaqu\u00edn era como \u00abcomo una novia borracha\u00bb, ya le hab\u00eda enviado una carta para \u00abacabar con este melodrama de chilindrinas menop\u00e1usicas mareadas\u00bb.<\/span><\/p>\n<h6> 2009-03-18 16:54:50 <\/h6>\n<p><!--\n<link rel=\"stylesheet\" href=\"css\/bootstrap.min.css\">\n\n\n<ul class=\"pagination\">\n\t    \n\t\n\n<li >\n\t<a href='?page_no=21909'>Previous<\/a>\n\t<\/li>\n\n\n       \n    \n\n<li><a href='?page_no=1'>1<\/a><\/li>\n\n\n\n<li><a href='?page_no=2'>2<\/a><\/li>\n\n\n\n<li><a>...<\/a><\/li>\n\n\n\n<li><a href='?page_no=21908'>21908<\/a><\/li>\n\n\n\n<li><a href='?page_no=21909'>21909<\/a><\/li>\n\n\n\n<li class='active'><a>21910<\/a><\/li>\n\n\n\n<li><a href='?page_no=21911'>21911<\/a><\/li>\n\n\n\n<li><a href='?page_no=21912'>21912<\/a><\/li>\n\n\n\n<li><a>...<\/a><\/li>\n\n\n\n<li><a href='?page_no=22911'>22911<\/a><\/li>\n\n\n\n<li><a href='?page_no=22912'>22912<\/a><\/li>\n\n    \n\t\n\n<li >\n\t<a href='?page_no=21911'>Next<\/a>\n\t<\/li>\n\n\n    \n\n<li><a href='?page_no=22912'>Last &rsaquo;&rsaquo;<\/a><\/li>\n\n<\/ul>\n\n\n--><br \/>\n<\/body><\/p>\n","protected":false},"excerpt":{"rendered":"<p>El artista argentino habla en M\u00e9xico de su reconciliaci\u00f3n con aquella \u00abnovia borracha\u00bb EFE \/ ELPA\u00cdS.com &#8211; M\u00e9xico \/ Madrid &#8211; 18\/03\/2009 \u00abVen, cabr\u00f3n, que estoy tocando aqu\u00ed\u00bb. La frase la escribi\u00f3 Joaqu\u00edn Sabina en una servilleta durante una visita en 2007 a Buenos Aires. Y se la envi\u00f3 a Fito P\u00e1ez. Este martes, el [&hellip;]<\/p>\n","protected":false},"author":3,"featured_media":0,"comment_status":"open","ping_status":"open","sticky":false,"template":"","format":"standard","meta":{"footnotes":""},"categories":[21],"tags":[],"class_list":["post-70232","post","type-post","status-publish","format-standard","hentry","category-cultura"],"_links":{"self":[{"href":"https:\/\/diariodominicano.com\/index.php?rest_route=\/wp\/v2\/posts\/70232","targetHints":{"allow":["GET"]}}],"collection":[{"href":"https:\/\/diariodominicano.com\/index.php?rest_route=\/wp\/v2\/posts"}],"about":[{"href":"https:\/\/diariodominicano.com\/index.php?rest_route=\/wp\/v2\/types\/post"}],"author":[{"embeddable":true,"href":"https:\/\/diariodominicano.com\/index.php?rest_route=\/wp\/v2\/users\/3"}],"replies":[{"embeddable":true,"href":"https:\/\/diariodominicano.com\/index.php?rest_route=%2Fwp%2Fv2%2Fcomments&post=70232"}],"version-history":[{"count":0,"href":"https:\/\/diariodominicano.com\/index.php?rest_route=\/wp\/v2\/posts\/70232\/revisions"}],"wp:attachment":[{"href":"https:\/\/diariodominicano.com\/index.php?rest_route=%2Fwp%2Fv2%2Fmedia&parent=70232"}],"wp:term":[{"taxonomy":"category","embeddable":true,"href":"https:\/\/diariodominicano.com\/index.php?rest_route=%2Fwp%2Fv2%2Fcategories&post=70232"},{"taxonomy":"post_tag","embeddable":true,"href":"https:\/\/diariodominicano.com\/index.php?rest_route=%2Fwp%2Fv2%2Ftags&post=70232"}],"curies":[{"name":"wp","href":"https:\/\/api.w.org\/{rel}","templated":true}]}}