{"id":70231,"date":"2009-03-18T18:22:06","date_gmt":"2009-03-18T18:22:06","guid":{"rendered":"http:\/\/diariodominicano.ddns.net\/?p=70231"},"modified":"2009-03-18T18:22:06","modified_gmt":"2009-03-18T18:22:06","slug":"fragmentos-de-historia-en-exposicion-de-amadeo-anselin-barletta","status":"publish","type":"post","link":"https:\/\/diariodominicano.com\/?p=70231","title":{"rendered":"Fragmentos de historia en exposici\u00f3n de Amadeo Anselin Barletta"},"content":{"rendered":"<p><body><\/p>\n<p><img decoding=\"async\" src=\"http:\/\/localhost:8080\/img3\/fagme.jpg\" \/>  <\/p>\n<p><span class=\"text1noticias\">Fragmentos de monumentos arquitect\u00f3nicos y  lugares del patrimonio cultural de la Zona Colonial se muestran en 31 im\u00e1genes que componen la exposici\u00f3n fotogr\u00e1fica ?Detalles Coloniales?, captadas por el lente del artista dominico-ingl\u00e9s Amadeo Anselin Barletta.<\/span><\/p>\n<\/p>\n<p><span class=\"text1noticias\">La muestra fue abierta al p\u00fablico el pasado martes 17, en la sala de exposiciones de APEC, en la avenida M\u00e1ximo G\u00f3mez n\u00famero 72, y podr\u00e1 ser apreciada hasta el 30 de este mes, en horario de 9 de la ma\u00f1ana a 5 de la tarde.<\/span><\/p>\n<\/p>\n<p><span class=\"text1noticias\">La exposici\u00f3n  es organizada por el consejo de directores de Apec, el programa Apec Cultural y la entidad Quinta Dominica, en el marco de un conjunto de actividades culturales que desarrollan estas instituciones para resaltar el arte dominicano.<\/span><\/p>\n<\/p>\n<p><span class=\"text1noticias\">En el acto de apertura intervino el presidente del programa APEC Cultural, arquitecto C\u00e9sar Iv\u00e1n Feris Iglesias, quien destac\u00f3 que est\u00e1s im\u00e1genes est\u00e1n repletas de historia y belleza natural, que ?enriquece el patrimonio inagotable de la capital cultural del continente y orgullo de los dominicanos?.<\/span><\/p>\n<\/p>\n<p><span class=\"text1noticias\">Expres\u00f3 que dentro del repertorio de las artes visuales, la fotograf\u00eda resulta ser una de las benjamines que cuenta con mayor n\u00famero de vocaciones, maestros y fan\u00e1ticos de muestras y exposiciones, as\u00ed como publicaciones especializadas producidas por artistas del lente.<\/span><\/p>\n<\/p>\n<p><span class=\"text1noticias\">El artista Anselin Barletta naci\u00f3 en Londres, Inglaterra, y su inter\u00e9s por la fotograf\u00eda se inici\u00f3 cuando sus padres le regalaron una c\u00e1mara y le asignaron la tarea de documentar y fotografiar un viaje que hizo la familia.<\/span><\/p>\n<\/p>\n<p><span class=\"text1noticias\">Expres\u00f3 que la fotograf\u00eda le dio mayor libertad de expresi\u00f3n porque muchas veces las im\u00e1genes hablan con m\u00e1s fuerza que las palabras.<\/span><\/p>\n<\/p>\n<p><span class=\"text1noticias\">Estudi\u00f3 econom\u00eda y bellas artes en Hofstra University de New York y ha realizado varios cursos de t\u00e9cnicas fotogr\u00e1ficas en Speos de Par\u00eds y en el Tisch School of the Arts en New York.<\/span><\/p>\n<h6> 2009-03-18 18:22:06 <\/h6>\n<p><!--\n<link rel=\"stylesheet\" href=\"css\/bootstrap.min.css\">\n\n\n<ul class=\"pagination\">\n\t    \n\t\n\n<li >\n\t<a href='?page_no=21908'>Previous<\/a>\n\t<\/li>\n\n\n       \n    \n\n<li><a href='?page_no=1'>1<\/a><\/li>\n\n\n\n<li><a href='?page_no=2'>2<\/a><\/li>\n\n\n\n<li><a>...<\/a><\/li>\n\n\n\n<li><a href='?page_no=21907'>21907<\/a><\/li>\n\n\n\n<li><a href='?page_no=21908'>21908<\/a><\/li>\n\n\n\n<li class='active'><a>21909<\/a><\/li>\n\n\n\n<li><a href='?page_no=21910'>21910<\/a><\/li>\n\n\n\n<li><a href='?page_no=21911'>21911<\/a><\/li>\n\n\n\n<li><a>...<\/a><\/li>\n\n\n\n<li><a href='?page_no=22911'>22911<\/a><\/li>\n\n\n\n<li><a href='?page_no=22912'>22912<\/a><\/li>\n\n    \n\t\n\n<li >\n\t<a href='?page_no=21910'>Next<\/a>\n\t<\/li>\n\n\n    \n\n<li><a href='?page_no=22912'>Last &rsaquo;&rsaquo;<\/a><\/li>\n\n<\/ul>\n\n\n--><br \/>\n<\/body><\/p>\n","protected":false},"excerpt":{"rendered":"<p>Fragmentos de monumentos arquitect\u00f3nicos y lugares del patrimonio cultural de la Zona Colonial se muestran en 31 im\u00e1genes que componen la exposici\u00f3n fotogr\u00e1fica ?Detalles Coloniales?, captadas por el lente del artista dominico-ingl\u00e9s Amadeo Anselin Barletta. La muestra fue abierta al p\u00fablico el pasado martes 17, en la sala de exposiciones de APEC, en la avenida [&hellip;]<\/p>\n","protected":false},"author":3,"featured_media":0,"comment_status":"open","ping_status":"open","sticky":false,"template":"","format":"standard","meta":{"footnotes":""},"categories":[21],"tags":[],"class_list":["post-70231","post","type-post","status-publish","format-standard","hentry","category-cultura"],"_links":{"self":[{"href":"https:\/\/diariodominicano.com\/index.php?rest_route=\/wp\/v2\/posts\/70231","targetHints":{"allow":["GET"]}}],"collection":[{"href":"https:\/\/diariodominicano.com\/index.php?rest_route=\/wp\/v2\/posts"}],"about":[{"href":"https:\/\/diariodominicano.com\/index.php?rest_route=\/wp\/v2\/types\/post"}],"author":[{"embeddable":true,"href":"https:\/\/diariodominicano.com\/index.php?rest_route=\/wp\/v2\/users\/3"}],"replies":[{"embeddable":true,"href":"https:\/\/diariodominicano.com\/index.php?rest_route=%2Fwp%2Fv2%2Fcomments&post=70231"}],"version-history":[{"count":0,"href":"https:\/\/diariodominicano.com\/index.php?rest_route=\/wp\/v2\/posts\/70231\/revisions"}],"wp:attachment":[{"href":"https:\/\/diariodominicano.com\/index.php?rest_route=%2Fwp%2Fv2%2Fmedia&parent=70231"}],"wp:term":[{"taxonomy":"category","embeddable":true,"href":"https:\/\/diariodominicano.com\/index.php?rest_route=%2Fwp%2Fv2%2Fcategories&post=70231"},{"taxonomy":"post_tag","embeddable":true,"href":"https:\/\/diariodominicano.com\/index.php?rest_route=%2Fwp%2Fv2%2Ftags&post=70231"}],"curies":[{"name":"wp","href":"https:\/\/api.w.org\/{rel}","templated":true}]}}