{"id":70230,"date":"2009-03-19T15:29:45","date_gmt":"2009-03-19T15:29:45","guid":{"rendered":"http:\/\/diariodominicano.ddns.net\/?p=70230"},"modified":"2009-03-19T15:29:45","modified_gmt":"2009-03-19T15:29:45","slug":"dedicado-a-frida-kahlo-asociacion-amigos-del-museo-de-arte-moderno-ofrece-cena-pro-recaudacion","status":"publish","type":"post","link":"https:\/\/diariodominicano.com\/?p=70230","title":{"rendered":"Dedicado a  FRIDA KAHLO Asociaci\u00f3n Amigos del Museo de Arte Moderno ofrece cena pro-recaudaci\u00f3n"},"content":{"rendered":"<p><body><\/p>\n<p><img decoding=\"async\" src=\"http:\/\/localhost:8080\/img3\/frides.jpg\" \/>  <\/p>\n<p><span class=\"text1noticias\">SANTO DOMINGO. Con el objetivo re recaudar fondos para la remodelaci\u00f3n de la Biblioteca y las actualizaciones de los fondos bibliogr\u00e1ficos, la Secretar\u00eda de Estado de Cultura, la Embajada de M\u00e9xico, el  Museo de Arte Moderno y la Asociaci\u00f3n Amigos del Museo de Arte Moderno ofrecieron una cena de gala a sus colaboradores, patrocinadores, empresarios y amigos del MAM.<\/span><\/p>\n<p><span class=\"text1noticias\"> <\/span><\/p>\n<p><span class=\"text1noticias\">La Cena estuvo dedicada a la reconocida pintora surrealista Frida Kahlo, como un homenaje a esta artista mexicana, icono del arte pero tambi\u00e9n del estilo, por su original forma de vestir y de peinarse.<\/span><\/p>\n<\/p>\n<p><span class=\"text1noticias\">En su discurso, la directora del MAM y el Presidente de la Asociaci\u00f3n, se\u00f1ores Maria-Elena Ditren y Silvio Raigorosdky, coinciden en afirmar, que el remozamiento de la biblioteca, que ya se ha iniciado con la inclusi\u00f3n de la Sala de Internet, donada por el INDOTEL el pasado a\u00f1o, continuar\u00e1 a trav\u00e9s de la recaudaci\u00f3n obtenida en este evento.<\/span><\/p>\n<\/p>\n<p><span class=\"text1noticias\">?Estamos trabajando con el proceso de adecuaci\u00f3n del MAM a los criterios de la nueva museolog\u00eda, que plantea la ampliaci\u00f3n de los servicios que ofrecen los museos, para que \u00e9stos puedan ser espacios din\u00e1micos que no s\u00f3lo conservan, sino que tambi\u00e9n investigan, difunden y educan por medio de la cultura?, a\u00f1ade Marielena Dieren. <\/span><\/p>\n<\/p>\n<p><span class=\"text1noticias\">La mesa de honor  estuvo encabezaba por el se\u00f1or Silvio Raigorosdky, Presidente de la Asociaci\u00f3n Amigos del Museo, el se\u00f1or Enrique M. Loaeza, Embajador de M\u00e9xico, la se\u00f1ora Lourdes Camilo de Cuello, Subsecretaria de Patrimonio Cultural y la se\u00f1ora Mar\u00eda Elena Ditr\u00e9n, Directora del MAM. <\/span><\/p>\n<\/p>\n<p><span class=\"text1noticias\">Esa noche, se exhibieron algunos de los retratos de la serie de Frida Kahlo que ha pintado el artista dominicano Jos\u00e9 Cestero y se sirvi\u00f3 un men\u00fa de platos tradicionales inspirados en las recetas de la c\u00e9lebre pintora, y adaptado, por otra parte, al gusto dominicano, en el sentido de que el picante fue muy ligero. El reconocido chef Felipe Macias estuvo a cargo de la preparaci\u00f3n del mismo.<\/span><\/p>\n<\/p>\n<p><span class=\"text1noticias\">Las Cenas Frida Kahlo surgieron en B\u00e9lgica en el a\u00f1o 2002, con la idea de integrar lo culinario y lo visual, y tambi\u00e9n con el prop\u00f3sito de difundir la aut\u00e9ntica comida mexicana. <\/span><\/p>\n<\/p>\n<p><span class=\"text1noticias\">Su creadora fue la poeta y gastr\u00f3noma mexicana Claudia Hern\u00e1ndez de Valle Arizpe, bas\u00e1ndose en un men\u00fa compuesto por algunas de las mejores recetas del libro Las fiestas de Frida y Diego (M\u00e9xico, 1994) de la autor\u00eda de Guadalupe Rivera-hija de Diego Rivera y quien vivi\u00f3 algunos a\u00f1os  en la llamada Casa Azul con Frida y Diego- y Marie Pierre Colle, modelo del gran artista franc\u00e9s, Balthus. <\/span><\/p>\n<\/p>\n<p><span class=\"text1noticias\">Esta cuarta cena de gala, fue organizada por la Asociaci\u00f3n Amigos del Museo de Arte Moderno, ente que promueve, adquiere, gestiona, auspicia y organiza eventos que contribuyen a la consecuci\u00f3n de los objetivos planteados por el MAM; en colaboraci\u00f3n con la Embajada de M\u00e9xico del pa\u00eds, y un grupo de artistas dominicanos quienes plasmaron su arte en una serie de manteles que fueron subastados entre los asistentes. <\/span><\/p>\n<\/p>\n<p><span class=\"text1noticias\">Estos artistas son: Jos\u00e9 Cestero, Jos\u00e9 Rinc\u00f3n Mora, Hilario Olivo, Geo Ripley, C\u00e1ndido Bid\u00f3, Fernando Varela, Elsa N\u00fa\u00f1ez, Enriquillo Amiama.<\/span><\/p>\n<\/p>\n<p><span class=\"text1noticias\">La velada fue amenizada con la m\u00fasica del reconocido trompetista b\u00falgaro V\u00edctor Mitrov. En esta actividad se hicieron presentes diversas personalidades del arte, empresarios e invitados especiales. <\/span><\/p>\n<\/p>\n<p><span class=\"text1noticias\">La Cena Frida Kahlo del Museo de Arte Moderno le rindi\u00f3 homenaje a una mujer con una gran creatividad culinaria, pero tambi\u00e9n con un marcado gusto por el color y su amor por la tradici\u00f3n mexicana, reuniendo a todos aquellos amantes del arte que participaron de una esmerada, respetuosa pero tambi\u00e9n creativa celebraci\u00f3n de la aut\u00e9ntica gastronom\u00eda azteca por una buena causa.<\/span><\/p>\n<\/p>\n<p><span class=\"text1noticias\">El Museo de Arte Moderno est\u00e1 ubicado en la Av. Pedro Henr\u00edquez Ure\u00f1a, Plaza de la Cultura Juan Pablo Duarte, Santo Domingo, D.N. Sus tel\u00e9fonos son 809-685-2153 al 56 y est\u00e1 abierto al p\u00fablico en horarios de 9:00 a.m. a 5:00 p.m. <\/span><\/p>\n<h6> 2009-03-19 15:29:45 <\/h6>\n<p><!--\n<link rel=\"stylesheet\" href=\"css\/bootstrap.min.css\">\n\n\n<ul class=\"pagination\">\n\t    \n\t\n\n<li >\n\t<a href='?page_no=21907'>Previous<\/a>\n\t<\/li>\n\n\n       \n    \n\n<li><a href='?page_no=1'>1<\/a><\/li>\n\n\n\n<li><a href='?page_no=2'>2<\/a><\/li>\n\n\n\n<li><a>...<\/a><\/li>\n\n\n\n<li><a href='?page_no=21906'>21906<\/a><\/li>\n\n\n\n<li><a href='?page_no=21907'>21907<\/a><\/li>\n\n\n\n<li class='active'><a>21908<\/a><\/li>\n\n\n\n<li><a href='?page_no=21909'>21909<\/a><\/li>\n\n\n\n<li><a href='?page_no=21910'>21910<\/a><\/li>\n\n\n\n<li><a>...<\/a><\/li>\n\n\n\n<li><a href='?page_no=22911'>22911<\/a><\/li>\n\n\n\n<li><a href='?page_no=22912'>22912<\/a><\/li>\n\n    \n\t\n\n<li >\n\t<a href='?page_no=21909'>Next<\/a>\n\t<\/li>\n\n\n    \n\n<li><a href='?page_no=22912'>Last &rsaquo;&rsaquo;<\/a><\/li>\n\n<\/ul>\n\n\n--><br \/>\n<\/body><\/p>\n","protected":false},"excerpt":{"rendered":"<p>SANTO DOMINGO. Con el objetivo re recaudar fondos para la remodelaci\u00f3n de la Biblioteca y las actualizaciones de los fondos bibliogr\u00e1ficos, la Secretar\u00eda de Estado de Cultura, la Embajada de M\u00e9xico, el Museo de Arte Moderno y la Asociaci\u00f3n Amigos del Museo de Arte Moderno ofrecieron una cena de gala a sus colaboradores, patrocinadores, empresarios [&hellip;]<\/p>\n","protected":false},"author":3,"featured_media":0,"comment_status":"open","ping_status":"open","sticky":false,"template":"","format":"standard","meta":{"footnotes":""},"categories":[21],"tags":[],"class_list":["post-70230","post","type-post","status-publish","format-standard","hentry","category-cultura"],"_links":{"self":[{"href":"https:\/\/diariodominicano.com\/index.php?rest_route=\/wp\/v2\/posts\/70230","targetHints":{"allow":["GET"]}}],"collection":[{"href":"https:\/\/diariodominicano.com\/index.php?rest_route=\/wp\/v2\/posts"}],"about":[{"href":"https:\/\/diariodominicano.com\/index.php?rest_route=\/wp\/v2\/types\/post"}],"author":[{"embeddable":true,"href":"https:\/\/diariodominicano.com\/index.php?rest_route=\/wp\/v2\/users\/3"}],"replies":[{"embeddable":true,"href":"https:\/\/diariodominicano.com\/index.php?rest_route=%2Fwp%2Fv2%2Fcomments&post=70230"}],"version-history":[{"count":0,"href":"https:\/\/diariodominicano.com\/index.php?rest_route=\/wp\/v2\/posts\/70230\/revisions"}],"wp:attachment":[{"href":"https:\/\/diariodominicano.com\/index.php?rest_route=%2Fwp%2Fv2%2Fmedia&parent=70230"}],"wp:term":[{"taxonomy":"category","embeddable":true,"href":"https:\/\/diariodominicano.com\/index.php?rest_route=%2Fwp%2Fv2%2Fcategories&post=70230"},{"taxonomy":"post_tag","embeddable":true,"href":"https:\/\/diariodominicano.com\/index.php?rest_route=%2Fwp%2Fv2%2Ftags&post=70230"}],"curies":[{"name":"wp","href":"https:\/\/api.w.org\/{rel}","templated":true}]}}