{"id":70229,"date":"2009-03-19T15:58:48","date_gmt":"2009-03-19T15:58:48","guid":{"rendered":"http:\/\/diariodominicano.ddns.net\/?p=70229"},"modified":"2009-03-19T15:58:48","modified_gmt":"2009-03-19T15:58:48","slug":"asuncion-inicia-este-domingo-22-de-marzo-su-capital-americana-de-la-cultura-2009-con-cuatro-mil-eventos-programados","status":"publish","type":"post","link":"https:\/\/diariodominicano.com\/?p=70229","title":{"rendered":"Asunci\u00f3n inicia este domingo, 22 de marzo, su Capital Americana de la Cultura 2009 con cuatro mil eventos programados"},"content":{"rendered":"<p><body><\/p>\n<p><img decoding=\"async\" src=\"http:\/\/localhost:8080\/img3\/asunse.jpg\" \/>  <\/p>\n<p><span class=\"text1noticias\">Santo Domingo ser\u00e1 el referente cultural de las Am\u00e9ricas en 2010<\/span><\/p>\n<\/p>\n<p><span class=\"text1noticias\">Asunci\u00f3n (Paraguay), 19-03-2009<\/span><\/p>\n<\/p>\n<p><span class=\"text1noticias\">Este pr\u00f3ximo domingo, d\u00eda 22 de marzo, con un espect\u00e1culo gratuito en la Plaza de la Democracia, arranca el calendario oficial de la Capital Americana de la Cultura Asunci\u00f3n 2009. Las cuatro mil manifestaciones art\u00edsticas programadas ser\u00e1n hasta diciembre.<\/span><\/p>\n<\/p>\n<p><span class=\"text1noticias\">Despu\u00e9s de la finalizaci\u00f3n del verano austral, la ciudad paraguaya de Asunci\u00f3n se dispone a iniciar las actividades de su Capital Americana de la Cultura 2009 (www.asuncioncultura2009.com.py). En la rueda de prensa de presentaci\u00f3n estuvieron presentes la Intendente (alcaldesa) de Asunci\u00f3n, Evanhy de Gallegos; el Director General de Cultura y Turismo de la municipalidad, Fernando Pistilli; el Director del Teatro Municipal, Miguel \u00c1ngel Auad; el Director del Ballet Cl\u00e1sico y Moderno Municipal, Miguel Bonin; el Director de la Orquesta Sinf\u00f3nica de la Ciudad de Asunci\u00f3n (OSCA), Lu\u00eds Szar\u00e1n; el cantautor nacional, Ricardo Flecha; el Viceministro de Culto del Ministerio de Educaci\u00f3n, Hugo Britez y la Directora de Gabinete T\u00e9cnico, Hilda Insfran. <\/span><\/p>\n<p><span class=\"text1noticias\"> <\/span><\/p>\n<p><span class=\"text1noticias\">En la presentaci\u00f3n del programa de la capitalidad cultural se anunci\u00f3 la gran Gala que se llevar\u00e1 a cabo este pr\u00f3ximo domingo, 22 de marzo, en la Plaza de la Democracia de Asunci\u00f3n, a partir de las 20:00, con acceso totalmente gratuito. En dicho concierto se presentar\u00e1n el Ballet Cl\u00e1sico y Moderno Municipal, la Orquesta Sinf\u00f3nica de la ciudad de Asunci\u00f3n, el Grupo \u00d1amandu y la Banda Folkl\u00f3rica Municipal. Se espera una gran asistencia a este evento, al cual asistir\u00e1 tambi\u00e9n el Presidente del Bureau Internacional de Capitales Culturales, Xavier Tudela. <\/span><\/p>\n<\/p>\n<p><span class=\"text1noticias\">\u00abPor fin vamos a iniciar esta gran Capital Americana de la Cultura 2009. Estamos trabajando para que la cultura asuncena y paraguaya sea conocida en todo el mundo\u00bb, dijo la intendenta Evanhy de Gallegos, en la presentaci\u00f3n de Asunci\u00f3n 2009.<\/span><\/p>\n<\/p>\n<p><span class=\"text1noticias\">Algunas de las cuatro mil actividades previstas de la Capital Americana de la Cultura Asunci\u00f3n 2009 son las siguientes:<\/span><\/p>\n<\/p>\n<p><span class=\"text1noticias\">Artes pl\u00e1sticas:<\/span><\/p>\n<p><span class=\"text1noticias\">&#8211; Maestros de la Pintura Paraguaya. <\/span><\/p>\n<\/p>\n<p><span class=\"text1noticias\">&#8211; La Escultura paraguaya contempor\u00e1nea. <\/span><\/p>\n<\/p>\n<p><span class=\"text1noticias\">&#8211; ?De San Garabato al Callej\u00f3n del Cuajo?, Colecci\u00f3n Carlos Monsiv\u00e1is del Museo del Estanquillo, en conjunto con la Embajada de Me?xico.<\/span><\/p>\n<\/p>\n<p><span class=\"text1noticias\">&#8211;  ?Fotografiar el Paisaje?, muestra del fot\u00f3grafo franc\u00e9s Olivier Picque. Organiza Embajada de Francia. <\/span><\/p>\n<\/p>\n<p><span class=\"text1noticias\">&#8211; Retrospectiva del Gran Maestro ecuatoriano Guayasami?n. En conjunto con la Fundaci\u00f3n Guayasam\u00edn.<\/span><\/p>\n<\/p>\n<p><span class=\"text1noticias\">&#8211; 3er. Encuentro Internacional de Arte Publico en Asunci\u00f3n ? Escultores. <\/span><\/p>\n<p><span class=\"text1noticias\"> <\/span><\/p>\n<p><span class=\"text1noticias\">M\u00fasica:<\/span><\/p>\n<p><span class=\"text1noticias\">&#8211; Concierto y lanzamiento del \u00c1lbum ?Viento Sur? del Grupo Paiko.<\/span><\/p>\n<\/p>\n<p><span class=\"text1noticias\">&#8211; 60 a\u00f1os de Alberto de Luque, acompa\u00f1ado del grupo Generaci\u00f3n y otros destacados m\u00fasicos.<\/span><\/p>\n<\/p>\n<p><span class=\"text1noticias\">&#8211; Gala de la Orquesta Sinf\u00f3nica Mundial, integrada por m\u00fasicos de Asia, Europa y Am\u00e9rica.<\/span><\/p>\n<\/p>\n<p><span class=\"text1noticias\">&#8211; Conciertos de la Orquesta Sinf\u00f3nica de la Ciudad de Asunci\u00f3n y la Orquesta Sinf\u00f3nica Nacional, con figuras populares del canto Latinoamericano: Los Nocheros, Valeria Lynch, Marcos De Brix, Dany Durand, Lizza Bogado y otros.<\/span><\/p>\n<\/p>\n<p><span class=\"text1noticias\">&#8211; 1er. Encuentro Internacional de Cantautores. Participan Daniel Viglietti (Uruguay), Adria?n Abonizio (Argentina), Paulo Simoes (Brasil), Hugo Ferreira (Paraguay) Javier Lazo (Per\u00fa), Victor Riveros (Paraguay).<\/span><\/p>\n<\/p>\n<p><span class=\"text1noticias\">&#8211; Concierto del tr\u00edo alem\u00e1n Morgenster, en conjunto con la Embajada de Alemania.<\/span><\/p>\n<\/p>\n<p><span class=\"text1noticias\">&#8211; Festival de Bandas musicales latinoamericanas.<\/span><\/p>\n<\/p>\n<p><span class=\"text1noticias\">&#8211; ?Primavera de la Guitarra en Asunci\u00f3n?. <\/span><\/p>\n<\/p>\n<p><span class=\"text1noticias\">&#8211; Festival Mundial del Arpa en Paraguay.<\/span><\/p>\n<\/p>\n<p><span class=\"text1noticias\">&#8211; Ciclo de ?M\u00fasicos y M\u00fasica?.<\/span><\/p>\n<\/p>\n<p><span class=\"text1noticias\">&#8211; Las ra\u00edces africanas en la m\u00fasica americana. <\/span><\/p>\n<\/p>\n<p><span class=\"text1noticias\">Danza:         <\/span><\/p>\n<p><span class=\"text1noticias\">&#8211; Gala Americana de Ballet ?Homenaje a las compa\u00f1\u00edas de mayor tradici\u00f3n de Latinoam\u00e9rica?. (Teatro Col\u00f3n, Municipal de R\u00edo de Janeiro, Nacional de Cuba y el Nacional de Santiago de Chile).<\/span><\/p>\n<\/p>\n<p><span class=\"text1noticias\">&#8211; Crear en Libertad 2009. ?10mo. Encuentro Internacional de Danza?.<\/span><\/p>\n<\/p>\n<p><span class=\"text1noticias\">&#8211; Festival de Danzas Folkl\u00f3ricas Americanas.<\/span><\/p>\n<\/p>\n<p><span class=\"text1noticias\">&#8211; Noche de Tango y Democracia, en conjunto con la Embajada Argentina.<\/span><\/p>\n<\/p>\n<p><span class=\"text1noticias\">Teatro:<\/span><\/p>\n<p><span class=\"text1noticias\">&#8211; Festival Internacional de Teatro en Asunci\u00f3n.<\/span><\/p>\n<\/p>\n<p><span class=\"text1noticias\">Literatura:<\/span><\/p>\n<p><span class=\"text1noticias\">&#8211; XV Libroferia Internacional de Asunci\u00f3n. <\/span><\/p>\n<p><span class=\"text1noticias\">&#8211; Reuni\u00f3n de Academias de la Lengua Espa\u00f1ola del Ri?o de la Plata.<\/span><\/p>\n<p><span class=\"text1noticias\">&#8211; 65 aniversario de la Biblioteca P\u00fablica Municipal Augusto Roa Bastos.<\/span><\/p>\n<p><span class=\"text1noticias\">&#8211; Semanas de Homenaje: Roa Bastos, Elvio Romero, Josefina Pla?, Jos\u00e9-Luis Appleyard.<\/span><\/p>\n<p><span class=\"text1noticias\">&#8211; F\u00fatbol y literatura.<\/span><\/p>\n<p><span class=\"text1noticias\">&#8211; Publicaci\u00f3n de Libros  y Revistas.<\/span><\/p>\n<\/p>\n<p><span class=\"text1noticias\">Audiovisuales<\/span><\/p>\n<p><span class=\"text1noticias\">&#8211; Muestra  de Cine Latinoamericano en Asunci\u00f3n. <\/span><\/p>\n<p><span class=\"text1noticias\">&#8211; Festival de Cine Ind\u00edgena.<\/span><\/p>\n<\/p>\n<p><span class=\"text1noticias\">Gastronom\u00eda<\/span><\/p>\n<p><span class=\"text1noticias\">Semanas gastron\u00f3micas de pa\u00edses americanos con la presencia de los principales chefs del continente.<\/span><\/p>\n<\/p>\n<p><span class=\"text1noticias\">Otras  actividades<\/span><\/p>\n<p><span class=\"text1noticias\">&#8211; Ferias culturales en los barrios. Todos los domingos en forma rotativa en los barrios de Asunci\u00f3n.<\/span><\/p>\n<p><span class=\"text1noticias\">&#8211; Inauguraci\u00f3n del Centro Cultural en Manor\u00e1.<\/span><\/p>\n<p><span class=\"text1noticias\">&#8211; Inauguraci\u00f3n del Paseo Iberoam\u00e9rica (paseo central de la calle sargento Marecos), en conjunto con la Organizaci\u00f3n de Estados Iberoamericanos.<\/span><\/p>\n<p><span class=\"text1noticias\">&#8211; Cursos y talleres de: Fileteado, Gesti\u00f3n Cultural, Memoria de mi barrio, Turismo Cultural.<\/span><\/p>\n<p><span class=\"text1noticias\">&#8211; Encuentro de Pueblos originarios de Am\u00e9rica.<\/span><\/p>\n<p><span class=\"text1noticias\">&#8211; Muestras de artesan\u00eda.<\/span><\/p>\n<p><span class=\"text1noticias\">&#8211; Semana de las gobernaciones en Asunci\u00f3n.<\/span><\/p>\n<p><span class=\"text1noticias\">&#8211; Fiesta de las Flores de Asunci\u00f3n. <\/span><\/p>\n<p><span class=\"text1noticias\"> <\/span><\/p>\n<p><span class=\"text1noticias\">La Capital Americana de la Cultura, creada en 1998, tiene como objetivo promover la integraci\u00f3n interamericana desde el \u00e1mbito cultural, contribuir a un mejor conocimiento entre los pueblos del continente americano, respetando su diversidad nacional y regional, poniendo de relieve al mismo tiempo el patrimonio cultural com\u00fan. La Organizaci\u00f3n Capital Americana de la Cultura es miembro del Bureau Internacional de Capitales Culturales, promueve internacionalmente las ciudades capitales culturales y establece nuevos puentes de cooperaci\u00f3n con Europa, continente que tiene establecida la capital cultural desde 1985. Est\u00e1 acreditada ante la Organizaci\u00f3n de los Estados Americanos (OEA) y tiene el reconocimiento de los Parlamentos Latinoamericano y Europeo. Hasta la fecha, han sido designadas como Capital Americana de la Cultura las siguientes ciudades: M\u00e9rida (M\u00e9xico) 2000; Iquique (Chile) 2001; Macei\u00f3 (Brasil) 2002; Ciudad de Panam\u00e1 (Panam\u00e1) y Curitiba (Brasil) 2003; Santiago (Chile) 2004; Guadalajara (M\u00e9xico) 2005; C\u00f3rdoba (Argentina) 2006; Cusco (Per\u00fa) 2007; Brasilia (Brasil) 2008; Asunci\u00f3n (Paraguay) 2009, y Santo Domingo (Rep\u00fablica Dominicana) 2010.<\/span><\/p>\n<\/p>\n<p><span class=\"text1noticias\">El Bureau Internacional de Capitales Culturales (www.ibocc.org) es un organismo que agrupa a la Capital Americana de la Cultura (www.cac-acc.org), la Capital Brasile\u00f1a de la Cultura (www.capitalbrasileiradacultura.org), la US Capital of Culture (www.culturalcapital.us), y la Capital de la Cultura Catalana (www.ccc.cat), como iniciativas consolidadas, y otros proyectos de creaci\u00f3n de capitales culturales en preparaci\u00f3n, como la Capital de la Cultura Espa\u00f1ola (www.ccesp.org). Xavier Tudela es el Presidente de la Capital Americana de la Cultura y del Bureau Internacional de Capitales Culturales.<\/span><\/p>\n<h6> 2009-03-19 15:58:48 <\/h6>\n<p><!--\n<link rel=\"stylesheet\" href=\"css\/bootstrap.min.css\">\n\n\n<ul class=\"pagination\">\n\t    \n\t\n\n<li >\n\t<a href='?page_no=21906'>Previous<\/a>\n\t<\/li>\n\n\n       \n    \n\n<li><a href='?page_no=1'>1<\/a><\/li>\n\n\n\n<li><a href='?page_no=2'>2<\/a><\/li>\n\n\n\n<li><a>...<\/a><\/li>\n\n\n\n<li><a href='?page_no=21905'>21905<\/a><\/li>\n\n\n\n<li><a href='?page_no=21906'>21906<\/a><\/li>\n\n\n\n<li class='active'><a>21907<\/a><\/li>\n\n\n\n<li><a href='?page_no=21908'>21908<\/a><\/li>\n\n\n\n<li><a href='?page_no=21909'>21909<\/a><\/li>\n\n\n\n<li><a>...<\/a><\/li>\n\n\n\n<li><a href='?page_no=22911'>22911<\/a><\/li>\n\n\n\n<li><a href='?page_no=22912'>22912<\/a><\/li>\n\n    \n\t\n\n<li >\n\t<a href='?page_no=21908'>Next<\/a>\n\t<\/li>\n\n\n    \n\n<li><a href='?page_no=22912'>Last &rsaquo;&rsaquo;<\/a><\/li>\n\n<\/ul>\n\n\n--><br \/>\n<\/body><\/p>\n","protected":false},"excerpt":{"rendered":"<p>Santo Domingo ser\u00e1 el referente cultural de las Am\u00e9ricas en 2010 Asunci\u00f3n (Paraguay), 19-03-2009 Este pr\u00f3ximo domingo, d\u00eda 22 de marzo, con un espect\u00e1culo gratuito en la Plaza de la Democracia, arranca el calendario oficial de la Capital Americana de la Cultura Asunci\u00f3n 2009. Las cuatro mil manifestaciones art\u00edsticas programadas ser\u00e1n hasta diciembre. Despu\u00e9s de [&hellip;]<\/p>\n","protected":false},"author":3,"featured_media":0,"comment_status":"open","ping_status":"open","sticky":false,"template":"","format":"standard","meta":{"footnotes":""},"categories":[21],"tags":[],"class_list":["post-70229","post","type-post","status-publish","format-standard","hentry","category-cultura"],"_links":{"self":[{"href":"https:\/\/diariodominicano.com\/index.php?rest_route=\/wp\/v2\/posts\/70229","targetHints":{"allow":["GET"]}}],"collection":[{"href":"https:\/\/diariodominicano.com\/index.php?rest_route=\/wp\/v2\/posts"}],"about":[{"href":"https:\/\/diariodominicano.com\/index.php?rest_route=\/wp\/v2\/types\/post"}],"author":[{"embeddable":true,"href":"https:\/\/diariodominicano.com\/index.php?rest_route=\/wp\/v2\/users\/3"}],"replies":[{"embeddable":true,"href":"https:\/\/diariodominicano.com\/index.php?rest_route=%2Fwp%2Fv2%2Fcomments&post=70229"}],"version-history":[{"count":0,"href":"https:\/\/diariodominicano.com\/index.php?rest_route=\/wp\/v2\/posts\/70229\/revisions"}],"wp:attachment":[{"href":"https:\/\/diariodominicano.com\/index.php?rest_route=%2Fwp%2Fv2%2Fmedia&parent=70229"}],"wp:term":[{"taxonomy":"category","embeddable":true,"href":"https:\/\/diariodominicano.com\/index.php?rest_route=%2Fwp%2Fv2%2Fcategories&post=70229"},{"taxonomy":"post_tag","embeddable":true,"href":"https:\/\/diariodominicano.com\/index.php?rest_route=%2Fwp%2Fv2%2Ftags&post=70229"}],"curies":[{"name":"wp","href":"https:\/\/api.w.org\/{rel}","templated":true}]}}