{"id":70228,"date":"2009-03-19T16:00:27","date_gmt":"2009-03-19T16:00:27","guid":{"rendered":"http:\/\/diariodominicano.ddns.net\/?p=70228"},"modified":"2009-03-19T16:00:27","modified_gmt":"2009-03-19T16:00:27","slug":"dgdc-patrocina-actividad-cultural-en-villa-juana","status":"publish","type":"post","link":"https:\/\/diariodominicano.com\/?p=70228","title":{"rendered":"-DGDC- PATROCINA ACTIVIDAD CULTURAL EN VILLA JUANA."},"content":{"rendered":"<p><body><\/p>\n<p><img decoding=\"async\" src=\"http:\/\/localhost:8080\/img3\/opere.jpg\" \/>  <\/p>\n<p><span class=\"text1noticias\">Con los auspicios de La Direcci\u00f3n General de Desarrollo de La Comunidad (DGDC) fue celebrado el espect\u00e1culo cultural ?Marzo Teatral? con  la presentaci\u00f3n de la obra el quijote sin la mancha, a cargo del Teatro Bals\u00e1mico de Puerto Plata, acompa\u00f1ado de una exposici\u00f3n del maestro Jos\u00e9 Cestero, en el Centro Cultural Narciso Gonz\u00e1lez,  del sector de Villa Juana.<\/span><\/p>\n<\/p>\n<p><span class=\"text1noticias\">?Marzo Teatral? es una actividad que organiza la Secretaria de Estado de Cultura en diferentes sectores del pa\u00eds para promover los valores y la cultura de los pueblos, donde se presentan  grupos de teatro callejero con diferentes manifestaciones  folcl\u00f3ricas para el disfrute de los asistentes.<\/span><\/p>\n<\/p>\n<p><span class=\"text1noticias\">Luis Acosta Moreta, director general de Desarrollo de La Comunidad dijo que siempre la DGDC participa en actividades que promueven una juventud sana y sin vicios, para beneficio de la familia y la sociedad.<\/span><\/p>\n<\/p>\n<p><span class=\"text1noticias\">Previo a la presentaci\u00f3n se realiz\u00f3 un vistoso desfile acompa\u00f1ado del Batton Ballet y La Banda Interbarrial de la Direcci\u00f3n General de Desarrollo de la Comunidad, quienes interpretaron bellas melod\u00edas.<\/span><\/p>\n<p><span class=\"text1noticias\">\t<\/span><\/p>\n<p><span class=\"text1noticias\">Desde hace varios a\u00f1os La Direcci\u00f3n General de Desarrollo de La Comunidad recorre el pa\u00eds con la exposici\u00f3n itinerante El Quijote de La Mancha, del maestro Jos\u00e9 Cestero, ofreciendo en cada pueblo talleres infantiles donde los menores aprenden a pintar, y se le obsequian adem\u00e1s obras literarias, cuadernos y \u00fatiles escolares.<\/span><\/p>\n<h6> 2009-03-19 16:00:27 <\/h6>\n<p><!--\n<link rel=\"stylesheet\" href=\"css\/bootstrap.min.css\">\n\n\n<ul class=\"pagination\">\n\t    \n\t\n\n<li >\n\t<a href='?page_no=21905'>Previous<\/a>\n\t<\/li>\n\n\n       \n    \n\n<li><a href='?page_no=1'>1<\/a><\/li>\n\n\n\n<li><a href='?page_no=2'>2<\/a><\/li>\n\n\n\n<li><a>...<\/a><\/li>\n\n\n\n<li><a href='?page_no=21904'>21904<\/a><\/li>\n\n\n\n<li><a href='?page_no=21905'>21905<\/a><\/li>\n\n\n\n<li class='active'><a>21906<\/a><\/li>\n\n\n\n<li><a href='?page_no=21907'>21907<\/a><\/li>\n\n\n\n<li><a href='?page_no=21908'>21908<\/a><\/li>\n\n\n\n<li><a>...<\/a><\/li>\n\n\n\n<li><a href='?page_no=22911'>22911<\/a><\/li>\n\n\n\n<li><a href='?page_no=22912'>22912<\/a><\/li>\n\n    \n\t\n\n<li >\n\t<a href='?page_no=21907'>Next<\/a>\n\t<\/li>\n\n\n    \n\n<li><a href='?page_no=22912'>Last &rsaquo;&rsaquo;<\/a><\/li>\n\n<\/ul>\n\n\n--><br \/>\n<\/body><\/p>\n","protected":false},"excerpt":{"rendered":"<p>Con los auspicios de La Direcci\u00f3n General de Desarrollo de La Comunidad (DGDC) fue celebrado el espect\u00e1culo cultural ?Marzo Teatral? con la presentaci\u00f3n de la obra el quijote sin la mancha, a cargo del Teatro Bals\u00e1mico de Puerto Plata, acompa\u00f1ado de una exposici\u00f3n del maestro Jos\u00e9 Cestero, en el Centro Cultural Narciso Gonz\u00e1lez, del sector [&hellip;]<\/p>\n","protected":false},"author":3,"featured_media":0,"comment_status":"open","ping_status":"open","sticky":false,"template":"","format":"standard","meta":{"footnotes":""},"categories":[21],"tags":[],"class_list":["post-70228","post","type-post","status-publish","format-standard","hentry","category-cultura"],"_links":{"self":[{"href":"https:\/\/diariodominicano.com\/index.php?rest_route=\/wp\/v2\/posts\/70228","targetHints":{"allow":["GET"]}}],"collection":[{"href":"https:\/\/diariodominicano.com\/index.php?rest_route=\/wp\/v2\/posts"}],"about":[{"href":"https:\/\/diariodominicano.com\/index.php?rest_route=\/wp\/v2\/types\/post"}],"author":[{"embeddable":true,"href":"https:\/\/diariodominicano.com\/index.php?rest_route=\/wp\/v2\/users\/3"}],"replies":[{"embeddable":true,"href":"https:\/\/diariodominicano.com\/index.php?rest_route=%2Fwp%2Fv2%2Fcomments&post=70228"}],"version-history":[{"count":0,"href":"https:\/\/diariodominicano.com\/index.php?rest_route=\/wp\/v2\/posts\/70228\/revisions"}],"wp:attachment":[{"href":"https:\/\/diariodominicano.com\/index.php?rest_route=%2Fwp%2Fv2%2Fmedia&parent=70228"}],"wp:term":[{"taxonomy":"category","embeddable":true,"href":"https:\/\/diariodominicano.com\/index.php?rest_route=%2Fwp%2Fv2%2Fcategories&post=70228"},{"taxonomy":"post_tag","embeddable":true,"href":"https:\/\/diariodominicano.com\/index.php?rest_route=%2Fwp%2Fv2%2Ftags&post=70228"}],"curies":[{"name":"wp","href":"https:\/\/api.w.org\/{rel}","templated":true}]}}